{"id":23754,"date":"2020-05-01T11:25:22","date_gmt":"2020-05-01T14:25:22","guid":{"rendered":"https:\/\/www.portalalerta.com.br\/?p=23754"},"modified":"2020-05-01T11:25:22","modified_gmt":"2020-05-01T14:25:22","slug":"com-duas-armas-integrante-da-cupula-do-pcc-tenta-fugir-de-penitenciaria-federal","status":"publish","type":"post","link":"https:\/\/www.portalalerta.com.br\/index.php\/2020\/05\/01\/com-duas-armas-integrante-da-cupula-do-pcc-tenta-fugir-de-penitenciaria-federal\/","title":{"rendered":"Com duas armas, integrante da c\u00fapula do PCC tenta fugir de penitenci\u00e1ria federal"},"content":{"rendered":"<p style=\"text-align: justify;\">O preso Jos\u00e9 de Arimat\u00e9ia Pereira Faria de Carvalho, o Pequeno, 35 anos, apontado como integrante da c\u00fapula do PCC (Primeiro Comando da Capital), driblou o corpo de seguran\u00e7a da Penitenci\u00e1ria Federal\u00a0 de Mossor\u00f3 (RN) e teve acesso a duas espingardas calibre 12.<!--more--><\/p>\n<p style=\"text-align: justify;\">O epis\u00f3dio, at\u00e9 ent\u00e3o escondido a sete chaves, aconteceu em 28 de dezembro do ano passado, nas v\u00e9speras das festas de fim de ano, e p\u00f4s em xeque a vigil\u00e2ncia no pres\u00eddio federal, considerado uma unidade de seguran\u00e7a m\u00e1xima.<\/p>\n<p style=\"text-align: justify;\">Pequeno estava na cela 03 da ala B quando foi levado pelos agentes federais Carlos Bruno Ara\u00fajo da Silva e Cl\u00e1udio C\u00e9sar Bastos Alves para o p\u00e1tio de banho de sol.<\/p>\n<p style=\"text-align: justify;\">Junto com Pequeno foram levados o parceiro dele, Cristiano Dias Gangi, o Cris\u00e3o, tamb\u00e9m apontado como integrante da c\u00fapula do PCC, e o preso Adriano Hil\u00e1rio, da cela 35B. Os tr\u00eas\u00a0 ficaram no mesmo p\u00e1tio e um quarto detento tomava banho de sol isolado em um local ao lado.<\/p>\n<p style=\"text-align: justify;\">Os agentes Carlos e Cl\u00e1udio e o prisioneiro Pequeno foram ouvidos em declara\u00e7\u00f5es no processo disciplinar instaurado para apurar ato infracional atribu\u00eddo aos dois integrantes do PCC.<\/p>\n<p style=\"text-align: justify;\"><img fetchpriority=\"high\" decoding=\"async\" class=\"size-thumbnail wp-image-4869 aligncenter\" src=\"https:\/\/www.portalalerta.com.br\/wp-content\/uploads\/2018\/02\/Auto-Escola-Nobre-720x181.jpg\" alt=\"\" width=\"720\" height=\"181\" srcset=\"https:\/\/www.portalalerta.com.br\/wp-content\/uploads\/2018\/02\/Auto-Escola-Nobre.jpg 720w, https:\/\/www.portalalerta.com.br\/wp-content\/uploads\/2018\/02\/Auto-Escola-Nobre-260x65.jpg 260w, https:\/\/www.portalalerta.com.br\/wp-content\/uploads\/2018\/02\/Auto-Escola-Nobre-50x13.jpg 50w, https:\/\/www.portalalerta.com.br\/wp-content\/uploads\/2018\/02\/Auto-Escola-Nobre-150x38.jpg 150w\" sizes=\"(max-width: 720px) 100vw, 720px\" \/>No depoimento, Carlos afirmou que depois de deixar os tr\u00eas presos no banho de sol retornou com o agente Cl\u00e1udio\u00a0\u00e0 ala B para realizar revista nas celas.<\/p>\n<p style=\"text-align: justify;\">Ele acrescentou que enquanto faziam a revista na primeira cela perceberam que o interno Pequeno se aproximava correndo na dire\u00e7\u00e3o deles portando uma espingarda calibre 12. O preso deixou a outra arma no corredor da mesma ala, onde as armas tinham sido deixadas pelos agentes.<\/p>\n<p style=\"text-align: justify;\">Segundo Carlos, Pequeno gritou para eles: \u201cperdeu, perdeu\u201d. Os agentes conseguiram fechar a porta da cela. Carlos contou que tomou um susto por causa da gravidade da situa\u00e7\u00e3o.<\/p>\n<p style=\"text-align: justify;\">Ele disse tamb\u00e9m que Pequeno conseguiu abrir brechas na porta da cela e apontar a espingarda em dire\u00e7\u00e3o aos dois agentes e que o preso s\u00f3 n\u00e3o atirou porque a arma estava travada ou em pane.<\/p>\n<p style=\"text-align: justify;\">O agente Cl\u00e1udio declarou no depoimento que empurrou a porta e o preso para tr\u00e1s e conseguiu segurar a espingarda. Afirmou ainda que em seguida ele e Carlos, depois de muita resist\u00eancia, jogaram o preso no ch\u00e3o, o imobilizaram, o desarmaram e o algemaram.<\/p>\n<p style=\"text-align: justify;\">Os agentes n\u00e3o souberam explicar como Pequeno conseguiu sair do p\u00e1tio do banho de sol. Cl\u00e1udio, por\u00e9m, disse acreditar que Pequeno saiu atrav\u00e9s de um pequeno v\u00e3o nas grades onde os presos s\u00e3o algemados.<\/p>\n<p style=\"text-align: justify;\">O agente ainda tem d\u00favidas e ele pontuou no depoimento que o v\u00e3o entre as grades\u00a0onde os presos s\u00e3o algemados \u00e9 muito pequeno. \u201cO buraco \u00e9 muito pequeno e acredito ser imposs\u00edvel algu\u00e9m\u00a0conseguir passar por l\u00e1\u201d, relatou.<\/p>\n<p style=\"text-align: justify;\">Carlos e Cl\u00e1udio disseram que a inten\u00e7\u00e3o de Pequeno era atirar neles, pegar chaves de celas, soltar os presos\u00a0 e dar in\u00edcio \u00e0 rebeli\u00e3o. Eles explicaram que as balas da espingarda s\u00e3o de borracha, mas que se os disparos fossem disparados \u00e0 curta dist\u00e2ncia, como era o caso, poderiam ser letais.<\/p>\n<p style=\"text-align: justify;\">Pequeno tamb\u00e9m foi ouvido e negou a inten\u00e7\u00e3o de atirar nos agentes e de abrir as outras celas para promover uma rebeli\u00e3o no pres\u00eddio. Ele afirmou que seu objetivo era render os guardas, colocar o uniforme de um deles e tentar a fuga sozinho.<\/p>\n<p style=\"text-align: justify;\">O prisioneiro disse que n\u00e3o atirou nos agentes porque n\u00e3o quis, pois entende de armas e a espingarda calibre 12 n\u00e3o apresentava pane nem estava travada. \u201cEu n\u00e3o tinha\u00a0inten\u00e7\u00e3o em nenhum momento de efetuar disparos. Minha inten\u00e7\u00e3o era apenas amea\u00e7ar e tentar fugir\u201d, contou.<\/p>\n<p style=\"text-align: justify;\">Durante o depoimento, Pequeno revelou que ap\u00f3s a libera\u00e7\u00e3o para o banho de sol passou pela fresta do local onde s\u00e3o colocadas as algemas nos presos. \u201cPrimeiro eu coloquei a cabe\u00e7a e depois o corpo. Passei muito r\u00e1pido, sem dificuldade, em poucos segundos\u201d.<\/p>\n<p style=\"text-align: justify;\">Depois disso, ele subiu na ala B, pegou as amas, deixou uma no ch\u00e3o e levou a outra, mirando em dire\u00e7\u00e3o aos agentes. O preso acrescentou que tinha conhecimento da rotina do pres\u00eddio e percebeu que em todos os plant\u00f5es os port\u00f5es que d\u00e3o acesso ao p\u00e1tio do banho de sol ficam abertos.<\/p>\n<p style=\"text-align: justify;\">\u201cEu tinha certeza que passaria pela fresta e pegaria as espingardas. Sou condenado a mais de 80 anos de cadeia. S\u00f3 queria passar pelos port\u00f5es vestido de agente e fugir\u201d, declarou.<\/p>\n<p style=\"text-align: justify;\">Depois de imobilizar Pequeno, os agentes voltaram para o banho de sol e encontraram Cris\u00e3o muito exaltado. Segundo os funcion\u00e1rios, ele desobedeceu a ordem para deitar-se no ch\u00e3o e gritou: \u201cL\u00e1 fora \u00e9 tiro na cara. Tem fuzil. L\u00e1 fora a gente mata mesmo\u201d, amea\u00e7ou.<\/p>\n<p style=\"text-align: justify;\">Cris\u00e3o tamb\u00e9m foi imobilizado e depois conduzido para a cela 30B. No depoimento ele disse que ficou nervoso porque os agentes jogaram uma granada de luz e de som e efetuaram um disparo no p\u00e1tio de banho de sol.<\/p>\n<p style=\"text-align: justify;\">Os agentes alegaram que efetuaram o disparo para testar a arma e saber se ela apresentava pane ou estava travada.\u00a0 As espingardas as quais Pequeno teve acesso se encontravam em condi\u00e7\u00f5es normais de tiro.<\/p>\n<p style=\"text-align: justify;\">Os dois presos correm o risco de ficar um ano em RDD (Regime Disciplinar Diferenciado). Trata-se de um castigo no qual os presos n\u00e3o recebem visita, n\u00e3o tem acesso a r\u00e1dio, TV, jornal e revista e ficam isolados em cela individual 24 horas, todos os dias.<\/p>\n<p style=\"text-align: justify;\">Pequeno \u00e9 condenado a 86 anos e dois meses de pris\u00e3o e Cris\u00e3o a 62 anos e nove meses. Ambos foram transferidos da Penitenci\u00e1ria 2 de Presidente Venceslau, no interior de S\u00e3o Paulo,\u00a0para a Penitenci\u00e1ria Federal de Mossor\u00f3, em fevereiro de 2019.<\/p>\n<p style=\"text-align: justify;\">No dia 23 de mar\u00e7o deste ano, o juiz federal Walter Nunes da Silva J\u00fanior, do Rio Grande do Norte, deferiu o pedido de prorroga\u00e7\u00e3o do prazo de interna\u00e7\u00e3o de Cris\u00e3o no Pres\u00eddio de Mossor\u00f3 at\u00e9 7 de fevereiro de 2023.<\/p>\n<p style=\"text-align: justify;\">J\u00e1 a 5\u00aa Vara das Execu\u00e7\u00f5es Criminais de S\u00e3o Paulo autorizou, no dia 3 de mar\u00e7o deste ano, a perman\u00eancia de Pequeno por mais um ano em pres\u00eddio administrado pelo Depen (Departamento Penitenci\u00e1rio Nacional). O juiz Silva Junior deve deferir mais esse pedido.<\/p>\n<p style=\"text-align: justify;\">Enquanto estiveram custodiados na Penitenci\u00e1ria\u00a0 2 de Presidente Venceslau, administrada pela Secret\u00e1ria Estadual da Administra\u00e7\u00e3o Penitenci\u00e1ria, subordinada ao governo de Jo\u00e3o D\u00f3ria (PSDB), Pequeno e Cris\u00e3o, assim como os demais presos, jamais tiveram acesso a armas.<\/p>\n<p style=\"text-align: justify;\">Fonte: Yahoo Not\u00edcias<\/p>\n","protected":false},"excerpt":{"rendered":"<p>O preso Jos\u00e9 de Arimat\u00e9ia Pereira Faria de Carvalho, o Pequeno, 35 anos, apontado como integrante da c\u00fapula do PCC (Primeiro Comando da Capital), driblou o corpo de seguran\u00e7a da Penitenci\u00e1ria Federal\u00a0 de Mossor\u00f3 (RN) e teve acesso a duas espingardas calibre 12.<\/p>\n","protected":false},"author":2,"featured_media":23755,"comment_status":"open","ping_status":"open","sticky":false,"template":"","format":"standard","meta":{"om_disable_all_campaigns":false,"_monsterinsights_skip_tracking":false,"_monsterinsights_sitenote_active":false,"_monsterinsights_sitenote_note":"","_monsterinsights_sitenote_category":0,"footnotes":""},"categories":[34,70,69,22],"tags":[93,1085,613,508,83,348,130],"class_list":["post-23754","post","type-post","status-publish","format-standard","has-post-thumbnail","hentry","category-brasil","category-destaques","category-noticias2","category-seguranca","tag-brasil","tag-mossoro","tag-pcc","tag-penitenciaria","tag-porte-ilegal-de-arma-de-fogo","tag-rio-grande-do-norte","tag-tentativa-de-fuga"],"aioseo_notices":[],"_links":{"self":[{"href":"https:\/\/www.portalalerta.com.br\/index.php\/wp-json\/wp\/v2\/posts\/23754","targetHints":{"allow":["GET"]}}],"collection":[{"href":"https:\/\/www.portalalerta.com.br\/index.php\/wp-json\/wp\/v2\/posts"}],"about":[{"href":"https:\/\/www.portalalerta.com.br\/index.php\/wp-json\/wp\/v2\/types\/post"}],"author":[{"embeddable":true,"href":"https:\/\/www.portalalerta.com.br\/index.php\/wp-json\/wp\/v2\/users\/2"}],"replies":[{"embeddable":true,"href":"https:\/\/www.portalalerta.com.br\/index.php\/wp-json\/wp\/v2\/comments?post=23754"}],"version-history":[{"count":1,"href":"https:\/\/www.portalalerta.com.br\/index.php\/wp-json\/wp\/v2\/posts\/23754\/revisions"}],"predecessor-version":[{"id":23756,"href":"https:\/\/www.portalalerta.com.br\/index.php\/wp-json\/wp\/v2\/posts\/23754\/revisions\/23756"}],"wp:featuredmedia":[{"embeddable":true,"href":"https:\/\/www.portalalerta.com.br\/index.php\/wp-json\/wp\/v2\/media\/23755"}],"wp:attachment":[{"href":"https:\/\/www.portalalerta.com.br\/index.php\/wp-json\/wp\/v2\/media?parent=23754"}],"wp:term":[{"taxonomy":"category","embeddable":true,"href":"https:\/\/www.portalalerta.com.br\/index.php\/wp-json\/wp\/v2\/categories?post=23754"},{"taxonomy":"post_tag","embeddable":true,"href":"https:\/\/www.portalalerta.com.br\/index.php\/wp-json\/wp\/v2\/tags?post=23754"}],"curies":[{"name":"wp","href":"https:\/\/api.w.org\/{rel}","templated":true}]}}