{"id":23757,"date":"2020-05-01T11:34:39","date_gmt":"2020-05-01T14:34:39","guid":{"rendered":"https:\/\/www.portalalerta.com.br\/?p=23757"},"modified":"2020-05-01T11:34:39","modified_gmt":"2020-05-01T14:34:39","slug":"homem-e-preso-em-flagrante-por-tentativa-de-homicidio-em-cipo-ba","status":"publish","type":"post","link":"https:\/\/www.portalalerta.com.br\/index.php\/2020\/05\/01\/homem-e-preso-em-flagrante-por-tentativa-de-homicidio-em-cipo-ba\/","title":{"rendered":"Homem \u00e9 preso em flagrante por tentativa de homic\u00eddio, em Cip\u00f3-BA"},"content":{"rendered":"<p style=\"text-align: justify;\">Na tarde da \u00faltima quarta-feira, 29, policiais militares do 1\u00ba Pelot\u00e3o\/ Cip\u00f3-BA, receberam uma den\u00fancia em que apontava um morador da Faz. Calumbi, zona rural da cidade, como autor de disparos de arma de fogo, no referido local.<!--more--><\/p>\n<p style=\"text-align: justify;\"><img fetchpriority=\"high\" decoding=\"async\" class=\"size-thumbnail wp-image-23589 aligncenter\" src=\"https:\/\/www.portalalerta.com.br\/wp-content\/uploads\/2020\/04\/real-acordo-720x93.jpg\" alt=\"\" width=\"720\" height=\"93\" \/>Os militares seguiram para o local, onde mantiveram contato com a v\u00edtima, que apontou quem teria sido o autor dos disparos. Ap\u00f3s ser identificado, o atirador confessou o crime, bem como entregou a arma de fogo utilizada. Na ocasi\u00e3o, o mesmo afirmou que a confus\u00e3o se deu por conta de a v\u00edtima ter sido flagrada urinando em via p\u00fablica, e ap\u00f3s reclamar com a mesma, foi insultado, e como revide efetuou o disparo.<\/p>\n<p style=\"text-align: justify;\">Na sequ\u00eancia, os militares deram voz de pris\u00e3o, conduzindo tanto o atirador, quanto a arma de fogo, para a Delegacia de Pol\u00edcia Civil local, onde foram apresentados por tentativa de homic\u00eddio. Vale ressaltar que a v\u00edtima n\u00e3o foi alvejada.<\/p>\n<p style=\"text-align: justify;\"><em>Reda\u00e7\u00e3o: Portal Alerta<\/em><\/p>\n<p style=\"text-align: justify;\"><strong><em>#fiqueemcasa<\/em><\/strong><\/p>\n","protected":false},"excerpt":{"rendered":"<p>Na tarde da \u00faltima quarta-feira, 29, policiais militares do 1\u00ba Pelot\u00e3o\/ Cip\u00f3-BA, receberam uma den\u00fancia em que apontava um morador da Faz. Calumbi, zona rural da cidade, como autor de disparos de arma de fogo, no referido local.<\/p>\n","protected":false},"author":2,"featured_media":23758,"comment_status":"open","ping_status":"open","sticky":false,"template":"","format":"standard","meta":{"om_disable_all_campaigns":false,"_monsterinsights_skip_tracking":false,"_monsterinsights_sitenote_active":false,"_monsterinsights_sitenote_note":"","_monsterinsights_sitenote_category":0,"footnotes":""},"categories":[13,70,69,32,22],"tags":[45,128,105],"class_list":["post-23757","post","type-post","status-publish","format-standard","has-post-thumbnail","hentry","category-cipo","category-destaques","category-noticias2","category-regiao","category-seguranca","tag-cipo","tag-disparo-de-arma-de-fogo","tag-tentativa-de-homicidio"],"aioseo_notices":[],"_links":{"self":[{"href":"https:\/\/www.portalalerta.com.br\/index.php\/wp-json\/wp\/v2\/posts\/23757","targetHints":{"allow":["GET"]}}],"collection":[{"href":"https:\/\/www.portalalerta.com.br\/index.php\/wp-json\/wp\/v2\/posts"}],"about":[{"href":"https:\/\/www.portalalerta.com.br\/index.php\/wp-json\/wp\/v2\/types\/post"}],"author":[{"embeddable":true,"href":"https:\/\/www.portalalerta.com.br\/index.php\/wp-json\/wp\/v2\/users\/2"}],"replies":[{"embeddable":true,"href":"https:\/\/www.portalalerta.com.br\/index.php\/wp-json\/wp\/v2\/comments?post=23757"}],"version-history":[{"count":1,"href":"https:\/\/www.portalalerta.com.br\/index.php\/wp-json\/wp\/v2\/posts\/23757\/revisions"}],"predecessor-version":[{"id":23759,"href":"https:\/\/www.portalalerta.com.br\/index.php\/wp-json\/wp\/v2\/posts\/23757\/revisions\/23759"}],"wp:featuredmedia":[{"embeddable":true,"href":"https:\/\/www.portalalerta.com.br\/index.php\/wp-json\/wp\/v2\/media\/23758"}],"wp:attachment":[{"href":"https:\/\/www.portalalerta.com.br\/index.php\/wp-json\/wp\/v2\/media?parent=23757"}],"wp:term":[{"taxonomy":"category","embeddable":true,"href":"https:\/\/www.portalalerta.com.br\/index.php\/wp-json\/wp\/v2\/categories?post=23757"},{"taxonomy":"post_tag","embeddable":true,"href":"https:\/\/www.portalalerta.com.br\/index.php\/wp-json\/wp\/v2\/tags?post=23757"}],"curies":[{"name":"wp","href":"https:\/\/api.w.org\/{rel}","templated":true}]}}