{"id":23761,"date":"2020-05-01T12:57:45","date_gmt":"2020-05-01T15:57:45","guid":{"rendered":"https:\/\/www.portalalerta.com.br\/?p=23761"},"modified":"2020-05-01T13:10:46","modified_gmt":"2020-05-01T16:10:46","slug":"homem-e-preso-apos-atear-fogo-em-viatura-da-policia-militar-de-ribeira-do-amparo-ba-veiculo-ficou-parcialmente-destruido","status":"publish","type":"post","link":"https:\/\/www.portalalerta.com.br\/index.php\/2020\/05\/01\/homem-e-preso-apos-atear-fogo-em-viatura-da-policia-militar-de-ribeira-do-amparo-ba-veiculo-ficou-parcialmente-destruido\/","title":{"rendered":"Homem \u00e9 preso ap\u00f3s atear fogo em Viatura da Pol\u00edcia Militar de Ribeira do Amparo-BA. Ve\u00edculo ficou parcialmente destru\u00eddo!"},"content":{"rendered":"<p style=\"text-align: justify;\">No final da noite da \u00faltima quinta-feira, 30, policiais militares de Ribeira do Amparo-BA, no momento em que se encontravam no interior da sede do Pelot\u00e3o, foram surpreendidos por labaredas de fogo que tomaram a viatura.<!--more--><\/p>\n<p style=\"text-align: justify;\"><img fetchpriority=\"high\" decoding=\"async\" class=\"size-full wp-image-2902 alignleft\" src=\"https:\/\/www.portalalerta.com.br\/wp-content\/uploads\/2017\/11\/elab-2.jpg\" alt=\"\" width=\"310\" height=\"200\" srcset=\"https:\/\/www.portalalerta.com.br\/wp-content\/uploads\/2017\/11\/elab-2.jpg 310w, https:\/\/www.portalalerta.com.br\/wp-content\/uploads\/2017\/11\/elab-2-226x146.jpg 226w, https:\/\/www.portalalerta.com.br\/wp-content\/uploads\/2017\/11\/elab-2-50x32.jpg 50w, https:\/\/www.portalalerta.com.br\/wp-content\/uploads\/2017\/11\/elab-2-116x75.jpg 116w\" sizes=\"(max-width: 310px) 100vw, 310px\" \/>Os militares tentaram conter as chamas, por\u00e9m sem sucesso, j\u00e1 que o ve\u00edculo ficou parcialmente destru\u00eddo. Sem entender o que havia acontecido, a guarni\u00e7\u00e3o foi informada por um Guarda Municipal de que se tratava de um inc\u00eandio criminoso, apontando assim o autor.<\/p>\n<p style=\"text-align: justify;\">Foi solicitado o apoio de policiais do munic\u00edpio de Cip\u00f3-BA, que se dirigiram at\u00e9 a resid\u00eancia do mesmo, onde efetuaram a pris\u00e3o. Na ocasi\u00e3o, o poss\u00edvel autor resistiu a pris\u00e3o, ao mesmo tempo em que desacatou a guarni\u00e7\u00e3o.<\/p>\n<p style=\"text-align: justify;\">Na sequ\u00eancia, o suspeito foi conduzido para a Central de Flagrantes em Euclides da Cunha-BA, onde foi apresentado por depreda\u00e7\u00e3o do patrim\u00f4nio p\u00fablico.<\/p>\n<p style=\"text-align: justify;\">Moradores da cidade gravaram v\u00eddeos onde mostram o ve\u00edculo em chamas, al\u00e9m da a\u00e7\u00e3o de populares tentando cont\u00ea-las. Confira:<\/p>\n<p style=\"text-align: justify;\"><iframe title=\"Viatura \u00e9 incendiada em Ribeira do Amparo 2020\" width=\"500\" height=\"281\" src=\"https:\/\/www.youtube.com\/embed\/fnFrsiNAHmE?feature=oembed\" frameborder=\"0\" allow=\"accelerometer; autoplay; clipboard-write; encrypted-media; gyroscope; picture-in-picture; web-share\" referrerpolicy=\"strict-origin-when-cross-origin\" allowfullscreen><\/iframe><\/p>\n<figure id=\"attachment_23763\" aria-describedby=\"caption-attachment-23763\" style=\"width: 720px\" class=\"wp-caption aligncenter\"><img decoding=\"async\" class=\"wp-image-23763 size-full\" src=\"https:\/\/www.portalalerta.com.br\/wp-content\/uploads\/2020\/05\/viatura-incendiada-em-Ribeira-do-Amparo-2020.jpeg\" alt=\"\" width=\"720\" height=\"405\" srcset=\"https:\/\/www.portalalerta.com.br\/wp-content\/uploads\/2020\/05\/viatura-incendiada-em-Ribeira-do-Amparo-2020.jpeg 720w, https:\/\/www.portalalerta.com.br\/wp-content\/uploads\/2020\/05\/viatura-incendiada-em-Ribeira-do-Amparo-2020-427x240.jpeg 427w, https:\/\/www.portalalerta.com.br\/wp-content\/uploads\/2020\/05\/viatura-incendiada-em-Ribeira-do-Amparo-2020-260x146.jpeg 260w, https:\/\/www.portalalerta.com.br\/wp-content\/uploads\/2020\/05\/viatura-incendiada-em-Ribeira-do-Amparo-2020-50x28.jpeg 50w, https:\/\/www.portalalerta.com.br\/wp-content\/uploads\/2020\/05\/viatura-incendiada-em-Ribeira-do-Amparo-2020-133x75.jpeg 133w\" sizes=\"(max-width: 720px) 100vw, 720px\" \/><figcaption id=\"caption-attachment-23763\" class=\"wp-caption-text\">Ve\u00edculo ficou parcialmente destru\u00eddo<\/figcaption><\/figure>\n<p style=\"text-align: justify;\"><strong>Retalia\u00e7\u00e3o<\/strong><\/p>\n<p style=\"text-align: justify;\"><img decoding=\"async\" class=\"size-thumbnail wp-image-23764 aligncenter\" src=\"https:\/\/www.portalalerta.com.br\/wp-content\/uploads\/2020\/05\/lei-seca-em-Cip\u00f3-2020-223x240.jpeg\" alt=\"\" width=\"223\" height=\"240\" srcset=\"https:\/\/www.portalalerta.com.br\/wp-content\/uploads\/2020\/05\/lei-seca-em-Cip\u00f3-2020-223x240.jpeg 223w, https:\/\/www.portalalerta.com.br\/wp-content\/uploads\/2020\/05\/lei-seca-em-Cip\u00f3-2020-136x146.jpeg 136w, https:\/\/www.portalalerta.com.br\/wp-content\/uploads\/2020\/05\/lei-seca-em-Cip\u00f3-2020-47x50.jpeg 47w, https:\/\/www.portalalerta.com.br\/wp-content\/uploads\/2020\/05\/lei-seca-em-Cip\u00f3-2020-70x75.jpeg 70w, https:\/\/www.portalalerta.com.br\/wp-content\/uploads\/2020\/05\/lei-seca-em-Cip\u00f3-2020.jpeg 720w\" sizes=\"(max-width: 223px) 100vw, 223px\" \/>A pessoa apontada como respons\u00e1vel pelo inc\u00eandio da viatura, j\u00e1 possui hist\u00f3rico de cometimentos de infra\u00e7\u00f5es. No \u00faltimo dia 24, o mesmo foi preso em Cip\u00f3-BA, quando transitava a bordo de um ve\u00edculo HB20 de cor vermelha, demais dados n\u00e3o informados, em aparente estado de embriaguez.<\/p>\n<p style=\"text-align: justify;\">Na \u00e9poca, foi encontrado com o mesmo, uma esp\u00e9cie de \u201ccachimbo\u201d, feito de cano PVC, utilizado para o consumo de crack.<\/p>\n<figure id=\"attachment_23765\" aria-describedby=\"caption-attachment-23765\" style=\"width: 355px\" class=\"wp-caption aligncenter\"><img loading=\"lazy\" decoding=\"async\" class=\"wp-image-23765 size-thumbnail\" src=\"https:\/\/www.portalalerta.com.br\/wp-content\/uploads\/2020\/05\/cachimbo-para-uso-de-crack-355x240.jpeg\" alt=\"\" width=\"355\" height=\"240\" srcset=\"https:\/\/www.portalalerta.com.br\/wp-content\/uploads\/2020\/05\/cachimbo-para-uso-de-crack-355x240.jpeg 355w, https:\/\/www.portalalerta.com.br\/wp-content\/uploads\/2020\/05\/cachimbo-para-uso-de-crack-216x146.jpeg 216w, https:\/\/www.portalalerta.com.br\/wp-content\/uploads\/2020\/05\/cachimbo-para-uso-de-crack-50x34.jpeg 50w, https:\/\/www.portalalerta.com.br\/wp-content\/uploads\/2020\/05\/cachimbo-para-uso-de-crack-111x75.jpeg 111w, https:\/\/www.portalalerta.com.br\/wp-content\/uploads\/2020\/05\/cachimbo-para-uso-de-crack.jpeg 665w\" sizes=\"(max-width: 355px) 100vw, 355px\" \/><figcaption id=\"caption-attachment-23765\" class=\"wp-caption-text\">Cachimbo encontrado durante a primeira abordagem<\/figcaption><\/figure>\n<p style=\"text-align: justify;\">Diante do flagrante, o rapaz chegou a ser conduzido para o Posto da Pol\u00edcia Rodovi\u00e1ria Federal de Ribeira do Pombal-BA, onde foi submetido ao teste do hetil\u00f4metro, sendo constatado 95mg\/l de \u00e1lcool no sangue.<\/p>\n<p style=\"text-align: justify;\">O mesmo foi levado para a Delegacia de Pol\u00edcia Civil de Euclides da Cunha onde foi registrado o flagrante.<\/p>\n<p style=\"text-align: justify;\">Acredita-se que a a\u00e7\u00e3o que culminou no inc\u00eandio da viatura, seja em retalia\u00e7\u00e3o a a\u00e7\u00e3o policial do \u00faltimo dia 24.<\/p>\n<p style=\"text-align: justify;\"><em>Reda\u00e7\u00e3o: Portal Alerta<\/em><\/p>\n<p style=\"text-align: justify;\"><strong><em>#fiqueemcasa<\/em><\/strong><\/p>\n","protected":false},"excerpt":{"rendered":"<p>No final da noite da \u00faltima quinta-feira, 30, policiais militares de Ribeira do Amparo-BA, no momento em que se encontravam no interior da sede do Pelot\u00e3o, foram surpreendidos por labaredas de fogo que tomaram a viatura.<\/p>\n","protected":false},"author":2,"featured_media":23762,"comment_status":"open","ping_status":"open","sticky":false,"template":"","format":"standard","meta":{"om_disable_all_campaigns":false,"_monsterinsights_skip_tracking":false,"_monsterinsights_sitenote_active":false,"_monsterinsights_sitenote_note":"","_monsterinsights_sitenote_category":0,"footnotes":""},"categories":[70,69,32,16,22],"tags":[593,79,77,88,1217],"class_list":["post-23761","post","type-post","status-publish","format-standard","has-post-thumbnail","hentry","category-destaques","category-noticias2","category-regiao","category-ribeira-do-amparo","category-seguranca","tag-incendio","tag-policia-militar","tag-preso","tag-ribeira-do-amparo","tag-viatura"],"aioseo_notices":[],"_links":{"self":[{"href":"https:\/\/www.portalalerta.com.br\/index.php\/wp-json\/wp\/v2\/posts\/23761","targetHints":{"allow":["GET"]}}],"collection":[{"href":"https:\/\/www.portalalerta.com.br\/index.php\/wp-json\/wp\/v2\/posts"}],"about":[{"href":"https:\/\/www.portalalerta.com.br\/index.php\/wp-json\/wp\/v2\/types\/post"}],"author":[{"embeddable":true,"href":"https:\/\/www.portalalerta.com.br\/index.php\/wp-json\/wp\/v2\/users\/2"}],"replies":[{"embeddable":true,"href":"https:\/\/www.portalalerta.com.br\/index.php\/wp-json\/wp\/v2\/comments?post=23761"}],"version-history":[{"count":5,"href":"https:\/\/www.portalalerta.com.br\/index.php\/wp-json\/wp\/v2\/posts\/23761\/revisions"}],"predecessor-version":[{"id":23770,"href":"https:\/\/www.portalalerta.com.br\/index.php\/wp-json\/wp\/v2\/posts\/23761\/revisions\/23770"}],"wp:featuredmedia":[{"embeddable":true,"href":"https:\/\/www.portalalerta.com.br\/index.php\/wp-json\/wp\/v2\/media\/23762"}],"wp:attachment":[{"href":"https:\/\/www.portalalerta.com.br\/index.php\/wp-json\/wp\/v2\/media?parent=23761"}],"wp:term":[{"taxonomy":"category","embeddable":true,"href":"https:\/\/www.portalalerta.com.br\/index.php\/wp-json\/wp\/v2\/categories?post=23761"},{"taxonomy":"post_tag","embeddable":true,"href":"https:\/\/www.portalalerta.com.br\/index.php\/wp-json\/wp\/v2\/tags?post=23761"}],"curies":[{"name":"wp","href":"https:\/\/api.w.org\/{rel}","templated":true}]}}