{"id":23771,"date":"2020-05-01T17:57:13","date_gmt":"2020-05-01T20:57:13","guid":{"rendered":"https:\/\/www.portalalerta.com.br\/?p=23771"},"modified":"2020-05-01T17:57:13","modified_gmt":"2020-05-01T20:57:13","slug":"autoridades-americanas-comemoram-efeito-certeiro-de-remedio-contra-coronavirus","status":"publish","type":"post","link":"https:\/\/www.portalalerta.com.br\/index.php\/2020\/05\/01\/autoridades-americanas-comemoram-efeito-certeiro-de-remedio-contra-coronavirus\/","title":{"rendered":"Autoridades americanas comemoram &#8216;efeito certeiro&#8217; de rem\u00e9dio contra coronav\u00edrus"},"content":{"rendered":"<p style=\"text-align: justify;\">Representando o Instituto Nacional de Alergias e Doen\u00e7as Infecciosas dos EUA (Niaid, na sigla em ingl\u00eas), o m\u00e9dico Anthony Fauci, um dos nomes mais importantes da resposta americana ao novo coronav\u00edrus, anunciou nesta quarta-feira (29) que testes com o antiviral remdesivir mostraram que o medicamento tem um potencial &#8220;certeiro&#8221; para tratar a covid-19.<!--more--><\/p>\n<p style=\"text-align: justify;\">Em um estudo conduzido pelo Niaid com a participa\u00e7\u00e3o de 1.063 pessoas ao redor do mundo, foi constatado que o remdesivir diminuiu a dura\u00e7\u00e3o dos sintomas da\u00a0covid-19\u00a0de 15 para 11 dias. Os resultados completos do estudo americano n\u00e3o foram publicados ainda.<\/p>\n<p style=\"text-align: justify;\">O remdesivir foi originalmente desenvolvido para tratar o v\u00edrus ebola. \u00c9 um antiviral que funciona atacando uma enzima de que o v\u00edrus precisa para se replicar dentro das c\u00e9lulas.<\/p>\n<p style=\"text-align: justify;\">&#8220;Os dados mostram que o remdesivir tem um efeito certeiro, significativo e positivo na diminui\u00e7\u00e3o do tempo de recupera\u00e7\u00e3o&#8221;, anunciou Fauci e assessora a Casa Branca em assuntos de sa\u00fade desde a gest\u00e3o Ronald Reagan.<\/p>\n<p style=\"text-align: justify;\">O m\u00e9dico comemorou afirmando que os resultados &#8220;abrem as portas para o fato de que agora existe a capacidade de tratar&#8221; pacientes.<\/p>\n<p style=\"text-align: justify;\">De todo modo, Mahesh Parmar, que supervisionou na Europa a pesquisa do Instituto Nacional de Alergias e Doen\u00e7as Infecciosas dos EUA, afirma que n\u00e3o s\u00f3 este mas outros estudos com o remdesivir precisam ser aprofundados para garantir sua efic\u00e1cia.<\/p>\n<p style=\"text-align: justify;\">&#8220;Antes que este medicamento seja disponibilizado mais amplamente (para tratamento da covid-19), algumas coisas precisam acontecer. Primeiro, dados e resultados (de pesquisas) precisam passar por revis\u00f5es para avaliar se o tratamento pode ser licenciado. Depois, v\u00e1rios pa\u00edses ter\u00e3o que avaliar sua efic\u00e1cia atrav\u00e9s de suas pr\u00f3prias autoridades de\u00a0sa\u00fade&#8221;, explicou Parmar, diretor da Unidade de Ensaios Cl\u00ednicos MRC da Universidade College London.<\/p>\n<p style=\"text-align: justify;\">&#8220;Enquanto isso, vamos obtendo mais e mais dados a longo prazo deste estudo, e de outros, buscando saber se a droga tamb\u00e9m evita mortes por covid-19&#8221;.<\/p>\n<p style=\"text-align: justify;\"><strong><img fetchpriority=\"high\" decoding=\"async\" class=\"size-thumbnail wp-image-4869 aligncenter\" src=\"https:\/\/www.portalalerta.com.br\/wp-content\/uploads\/2018\/02\/Auto-Escola-Nobre-720x181.jpg\" alt=\"\" width=\"720\" height=\"181\" srcset=\"https:\/\/www.portalalerta.com.br\/wp-content\/uploads\/2018\/02\/Auto-Escola-Nobre.jpg 720w, https:\/\/www.portalalerta.com.br\/wp-content\/uploads\/2018\/02\/Auto-Escola-Nobre-260x65.jpg 260w, https:\/\/www.portalalerta.com.br\/wp-content\/uploads\/2018\/02\/Auto-Escola-Nobre-50x13.jpg 50w, https:\/\/www.portalalerta.com.br\/wp-content\/uploads\/2018\/02\/Auto-Escola-Nobre-150x38.jpg 150w\" sizes=\"(max-width: 720px) 100vw, 720px\" \/>D\u00favidas persistem<\/strong><\/p>\n<p style=\"text-align: justify;\">Mas o impacto do medicamento na mortalidade, especificamente, n\u00e3o \u00e9 t\u00e3o evidente. No estudo, a taxa de mortalidade foi de 8% nas pessoas que receberam remdesivir e 11,6% nas que receberam um placebo. Essa diferen\u00e7a n\u00e3o \u00e9 estatisticamente significativa, portanto cientistas n\u00e3o podem definir sua import\u00e2ncia.<\/p>\n<p style=\"text-align: justify;\">Tamb\u00e9m n\u00e3o ficou claro, do an\u00fancio de Fauci, quem exatamente estaria se beneficiando do tratamento. Ele permitiu ou acelerou a recupera\u00e7\u00e3o de pessoas que j\u00e1 se recuperariam de qualquer maneira? Ou evitou que pessoas precisem de interna\u00e7\u00e3o? O medicamento funcionou melhor em pessoas mais jovens ou mais velhas? Ou aqueles com ou sem outras comorbidades?<\/p>\n<p style=\"text-align: justify;\">Outro sinal de que \u00e9 preciso cautela para avaliar os resultados deste estudo comandado pelo Niaid \u00e9 a publica\u00e7\u00e3o de um outro, conduzido por pesquisadores chineses e reproduzido na\u00a0<strong><a href=\"https:\/\/www.thelancet.com\/journals\/lancet\/article\/PIIS0140-6736(20)31022-9\/fulltext\">revista m\u00e9dica Lancet tamb\u00e9m nesta quarta-feira (29)<\/a>.<\/strong><\/p>\n<p style=\"text-align: justify;\">Nele, a primeira publica\u00e7\u00e3o de um estudo cl\u00ednico randomizado sobre o medicamento, pesquisadores n\u00e3o encontraram diferen\u00e7as significativas entre o remdesivir e um placebo no tempo de recupera\u00e7\u00e3o ou mortalidade.<\/p>\n<p style=\"text-align: justify;\">O estudo publicado no Lancet envolveu 237 adultos internados em estado grave por covid-19 em dez hospitais em Wuhan, na China. Mas os testes acabaram sendo insuficientes pois, com as medidas de isolamento, ficou mais dif\u00edcil recrutar pacientes para o estudo. Assim, os pr\u00f3prios autores reconhecem que esta dificuldade pode ter influenciado nos resultados com o remdesivir.<\/p>\n<p style=\"text-align: justify;\">O professor Peter Horby, da Universidade Oxford, est\u00e1 conduzindo o maior teste do mundo sobre medicamentos para covid-19.<\/p>\n<p style=\"text-align: justify;\">Sobre a descoberta anunciada por Fauci, ele comentou: &#8220;Precisamos ver os resultados completos, mas se confirmado, seria algo fant\u00e1stico, uma \u00f3tima not\u00edcia na luta contra o novo coronav\u00edrus.&#8221;<\/p>\n<p style=\"text-align: justify;\">&#8220;Os pr\u00f3ximos passos s\u00e3o obter os dados completos e, conforme for, trabalhar no acesso universal ao remdesivir.&#8221;<\/p>\n<p style=\"text-align: justify;\"><strong>Aprova\u00e7\u00e3o r\u00e1pida?<\/strong><\/p>\n<p style=\"text-align: justify;\">Babak Javid, consultor em doen\u00e7as infecciosas dos hospitais da Universidade Cambridge, afirmou que o contexto atual pode acelerar este processo.<\/p>\n<p style=\"text-align: justify;\">&#8220;Os dados s\u00e3o promissores e, como ainda n\u00e3o temos tratamentos comprovados para a covid-19, eles podem levar \u00e0 aprova\u00e7\u00e3o r\u00e1pida do remdesivir para o tratamento da doen\u00e7a&#8221;, disse Javid.<\/p>\n<p style=\"text-align: justify;\">&#8220;No entanto, (os resultados) tamb\u00e9m mostram que o remdesivir n\u00e3o \u00e9 uma &#8216;varinha m\u00e1gica&#8217; nesse contexto: o benef\u00edcio geral na sobreviv\u00eancia foi de 30%.&#8221;<\/p>\n<p style=\"text-align: justify;\">Outros tratamentos est\u00e3o sendo pesquisados para a covid-19, incluindo alguns tipicamente usados contra a mal\u00e1ria e o HIV, que miram o v\u00edrus. Em outra frente, est\u00e3o em estudo outros tratamentos que agem no sistema imunol\u00f3gico do corpo humano.<\/p>\n<p style=\"text-align: justify;\">Acredita-se que os antivirais sejam mais \u00fateis nos est\u00e1gios iniciais da doen\u00e7a, e os medicamentos imunol\u00f3gicos, na fase mais tardia.<\/p>\n","protected":false},"excerpt":{"rendered":"<p>Representando o Instituto Nacional de Alergias e Doen\u00e7as Infecciosas dos EUA (Niaid, na sigla em ingl\u00eas), o m\u00e9dico Anthony Fauci, um dos nomes mais importantes da resposta americana ao novo coronav\u00edrus, anunciou nesta quarta-feira (29) que testes com o antiviral remdesivir mostraram que o medicamento tem um potencial &#8220;certeiro&#8221; para tratar a covid-19.<\/p>\n","protected":false},"author":2,"featured_media":23772,"comment_status":"open","ping_status":"open","sticky":false,"template":"","format":"standard","meta":{"om_disable_all_campaigns":false,"_monsterinsights_skip_tracking":false,"_monsterinsights_sitenote_active":false,"_monsterinsights_sitenote_note":"","_monsterinsights_sitenote_category":0,"footnotes":""},"categories":[70,35,69,19],"tags":[3429,3486,339,639,61],"class_list":["post-23771","post","type-post","status-publish","format-standard","has-post-thumbnail","hentry","category-destaques","category-mundo","category-noticias2","category-saude","tag-coronavirus","tag-covid-19","tag-mundo","tag-remedio","tag-saude"],"aioseo_notices":[],"_links":{"self":[{"href":"https:\/\/www.portalalerta.com.br\/index.php\/wp-json\/wp\/v2\/posts\/23771","targetHints":{"allow":["GET"]}}],"collection":[{"href":"https:\/\/www.portalalerta.com.br\/index.php\/wp-json\/wp\/v2\/posts"}],"about":[{"href":"https:\/\/www.portalalerta.com.br\/index.php\/wp-json\/wp\/v2\/types\/post"}],"author":[{"embeddable":true,"href":"https:\/\/www.portalalerta.com.br\/index.php\/wp-json\/wp\/v2\/users\/2"}],"replies":[{"embeddable":true,"href":"https:\/\/www.portalalerta.com.br\/index.php\/wp-json\/wp\/v2\/comments?post=23771"}],"version-history":[{"count":1,"href":"https:\/\/www.portalalerta.com.br\/index.php\/wp-json\/wp\/v2\/posts\/23771\/revisions"}],"predecessor-version":[{"id":23773,"href":"https:\/\/www.portalalerta.com.br\/index.php\/wp-json\/wp\/v2\/posts\/23771\/revisions\/23773"}],"wp:featuredmedia":[{"embeddable":true,"href":"https:\/\/www.portalalerta.com.br\/index.php\/wp-json\/wp\/v2\/media\/23772"}],"wp:attachment":[{"href":"https:\/\/www.portalalerta.com.br\/index.php\/wp-json\/wp\/v2\/media?parent=23771"}],"wp:term":[{"taxonomy":"category","embeddable":true,"href":"https:\/\/www.portalalerta.com.br\/index.php\/wp-json\/wp\/v2\/categories?post=23771"},{"taxonomy":"post_tag","embeddable":true,"href":"https:\/\/www.portalalerta.com.br\/index.php\/wp-json\/wp\/v2\/tags?post=23771"}],"curies":[{"name":"wp","href":"https:\/\/api.w.org\/{rel}","templated":true}]}}