{"id":23777,"date":"2020-05-01T21:01:51","date_gmt":"2020-05-02T00:01:51","guid":{"rendered":"https:\/\/www.portalalerta.com.br\/?p=23777"},"modified":"2020-05-01T21:01:51","modified_gmt":"2020-05-02T00:01:51","slug":"coronavirus-sem-vacina-nao-havera-carnaval-diz-governador-da-bahia","status":"publish","type":"post","link":"https:\/\/www.portalalerta.com.br\/index.php\/2020\/05\/01\/coronavirus-sem-vacina-nao-havera-carnaval-diz-governador-da-bahia\/","title":{"rendered":"Coronav\u00edrus: Sem vacina, n\u00e3o haver\u00e1 Carnaval, diz governador da Bahia"},"content":{"rendered":"<p style=\"text-align: justify;\">O governador da Bahia, Rui Costa (PT), afirmou quinta (30) que n\u00e3o haver\u00e1 Carnaval em Salvador em 2021 caso at\u00e9 l\u00e1 n\u00e3o exista uma vacina para combater a Covid-19.<!--more--><\/p>\n<p style=\"text-align: justify;\"><img fetchpriority=\"high\" decoding=\"async\" class=\"size-full wp-image-2902 alignleft\" src=\"https:\/\/www.portalalerta.com.br\/wp-content\/uploads\/2017\/11\/elab-2.jpg\" alt=\"\" width=\"310\" height=\"200\" srcset=\"https:\/\/www.portalalerta.com.br\/wp-content\/uploads\/2017\/11\/elab-2.jpg 310w, https:\/\/www.portalalerta.com.br\/wp-content\/uploads\/2017\/11\/elab-2-226x146.jpg 226w, https:\/\/www.portalalerta.com.br\/wp-content\/uploads\/2017\/11\/elab-2-50x32.jpg 50w, https:\/\/www.portalalerta.com.br\/wp-content\/uploads\/2017\/11\/elab-2-116x75.jpg 116w\" sizes=\"(max-width: 310px) 100vw, 310px\" \/>\u201c[N\u00e3o haver\u00e1] nem Carnaval, nem R\u00e9veillon. N\u00e3o s\u00f3 no Brasil, no mundo inteiro. N\u00e3o haver\u00e1 show enquanto n\u00e3o tiver a vacina porque n\u00f3s podemos ter uma segunda ou terceira onda de contamina\u00e7\u00e3o e matar milh\u00f5es de pessoas\u201d afirmou Rui em entrevista \u00e0 TV Itapoan.<\/p>\n<p style=\"text-align: justify;\">Nesta semana, o governo da Bahia confirmou que ir\u00e1 suspender todas as festas juninas do estado. O S\u00e3o Jo\u00e3o \u00e9 a festa mais popular do calend\u00e1rio baiano, com festas em mais de 300 cidades do estado.<\/p>\n<p style=\"text-align: justify;\"><em>Fonte: R\u00e1dio Povo<\/em><\/p>\n<p style=\"text-align: justify;\"><em>Com informa\u00e7\u00f5es: Metro1<\/em><\/p>\n","protected":false},"excerpt":{"rendered":"<p>O governador da Bahia, Rui Costa (PT), afirmou quinta (30) que n\u00e3o haver\u00e1 Carnaval em Salvador em 2021 caso at\u00e9 l\u00e1 n\u00e3o exista uma vacina para combater a Covid-19.<\/p>\n","protected":false},"author":2,"featured_media":12323,"comment_status":"open","ping_status":"open","sticky":false,"template":"","format":"standard","meta":{"om_disable_all_campaigns":false,"_monsterinsights_skip_tracking":false,"_monsterinsights_sitenote_active":false,"_monsterinsights_sitenote_note":"","_monsterinsights_sitenote_category":0,"footnotes":""},"categories":[33,70,36,69,21,19],"tags":[54,448,3429,3486,283,282,61],"class_list":["post-23777","post","type-post","status-publish","format-standard","has-post-thumbnail","hentry","category-bahia","category-destaques","category-lazer","category-noticias2","category-politica","category-saude","tag-bahia","tag-carnaval","tag-coronavirus","tag-covid-19","tag-governador","tag-rui-costa","tag-saude"],"aioseo_notices":[],"_links":{"self":[{"href":"https:\/\/www.portalalerta.com.br\/index.php\/wp-json\/wp\/v2\/posts\/23777","targetHints":{"allow":["GET"]}}],"collection":[{"href":"https:\/\/www.portalalerta.com.br\/index.php\/wp-json\/wp\/v2\/posts"}],"about":[{"href":"https:\/\/www.portalalerta.com.br\/index.php\/wp-json\/wp\/v2\/types\/post"}],"author":[{"embeddable":true,"href":"https:\/\/www.portalalerta.com.br\/index.php\/wp-json\/wp\/v2\/users\/2"}],"replies":[{"embeddable":true,"href":"https:\/\/www.portalalerta.com.br\/index.php\/wp-json\/wp\/v2\/comments?post=23777"}],"version-history":[{"count":1,"href":"https:\/\/www.portalalerta.com.br\/index.php\/wp-json\/wp\/v2\/posts\/23777\/revisions"}],"predecessor-version":[{"id":23778,"href":"https:\/\/www.portalalerta.com.br\/index.php\/wp-json\/wp\/v2\/posts\/23777\/revisions\/23778"}],"wp:featuredmedia":[{"embeddable":true,"href":"https:\/\/www.portalalerta.com.br\/index.php\/wp-json\/wp\/v2\/media\/12323"}],"wp:attachment":[{"href":"https:\/\/www.portalalerta.com.br\/index.php\/wp-json\/wp\/v2\/media?parent=23777"}],"wp:term":[{"taxonomy":"category","embeddable":true,"href":"https:\/\/www.portalalerta.com.br\/index.php\/wp-json\/wp\/v2\/categories?post=23777"},{"taxonomy":"post_tag","embeddable":true,"href":"https:\/\/www.portalalerta.com.br\/index.php\/wp-json\/wp\/v2\/tags?post=23777"}],"curies":[{"name":"wp","href":"https:\/\/api.w.org\/{rel}","templated":true}]}}