{"id":23779,"date":"2020-05-01T21:11:39","date_gmt":"2020-05-02T00:11:39","guid":{"rendered":"https:\/\/www.portalalerta.com.br\/?p=23779"},"modified":"2020-05-01T21:11:39","modified_gmt":"2020-05-02T00:11:39","slug":"justica-negou-trienio-a-servidores-municipais-de-ribeira-do-pombal-ba","status":"publish","type":"post","link":"https:\/\/www.portalalerta.com.br\/index.php\/2020\/05\/01\/justica-negou-trienio-a-servidores-municipais-de-ribeira-do-pombal-ba\/","title":{"rendered":"Justi\u00e7a negou tri\u00eanio a servidores municipais de Ribeira do Pombal-BA"},"content":{"rendered":"<p style=\"text-align: justify;\">A Vara da Fazenda P\u00fablica da Comarca de Ribeira do Pombal-BA tem julgado improcedente os processos dos servidores p\u00fablicos contra o munic\u00edpio de Ribeira do Pombal. Nos processos os servidores pediram \u00e0 justi\u00e7a para que o munic\u00edpio pague os tri\u00eanios devidos (adicional por tempo de servi\u00e7o de 10% a cada tr\u00eas anos).\u00a0<!--more--><\/p>\n<p style=\"text-align: justify;\"><img fetchpriority=\"high\" decoding=\"async\" class=\"size-thumbnail wp-image-4869 aligncenter\" src=\"https:\/\/www.portalalerta.com.br\/wp-content\/uploads\/2018\/02\/Auto-Escola-Nobre-720x181.jpg\" alt=\"\" width=\"720\" height=\"181\" srcset=\"https:\/\/www.portalalerta.com.br\/wp-content\/uploads\/2018\/02\/Auto-Escola-Nobre.jpg 720w, https:\/\/www.portalalerta.com.br\/wp-content\/uploads\/2018\/02\/Auto-Escola-Nobre-260x65.jpg 260w, https:\/\/www.portalalerta.com.br\/wp-content\/uploads\/2018\/02\/Auto-Escola-Nobre-50x13.jpg 50w, https:\/\/www.portalalerta.com.br\/wp-content\/uploads\/2018\/02\/Auto-Escola-Nobre-150x38.jpg 150w\" sizes=\"(max-width: 720px) 100vw, 720px\" \/>Entretanto, para fazer jus o benef\u00edcio, o servidor tem que cumprir os requisitos do artigo .62,\u00a0da lei complementar municipal n\u00ba 05\/ 2009 (estatuto do servidor), dentre eles, n\u00e3o far\u00e3o jus aquele que n\u00e3o justificar cinco faltas ao trabalho; n\u00e3o submeter-se a, no m\u00ednimo, duas avalia\u00e7\u00f5es funcionais aplicadas pelo munic\u00edpio; sofrer penalidade disciplinar, entre outros.<\/p>\n<p style=\"text-align: justify;\">Assim, pelo fato dos servidores n\u00e3o comprovarem o cumprimento de todos os requisitos exigidos pelo Estatuto do servidor, o Juiz da Fazenda P\u00fablica julgou improcedente o processo, dando ganho de causa ao munic\u00edpio em quest\u00e3o.<\/p>\n<p style=\"text-align: justify;\"><em>Fonte: Joilson Costa<\/em><\/p>\n","protected":false},"excerpt":{"rendered":"<p>A Vara da Fazenda P\u00fablica da Comarca de Ribeira do Pombal-BA tem julgado improcedente os processos dos servidores p\u00fablicos contra o munic\u00edpio de Ribeira do Pombal. Nos processos os servidores pediram \u00e0 justi\u00e7a para que o munic\u00edpio pague os tri\u00eanios devidos (adicional por tempo de servi\u00e7o de 10% a cada tr\u00eas anos).\u00a0<\/p>\n","protected":false},"author":2,"featured_media":6597,"comment_status":"open","ping_status":"open","sticky":false,"template":"","format":"standard","meta":{"om_disable_all_campaigns":false,"_monsterinsights_skip_tracking":false,"_monsterinsights_sitenote_active":false,"_monsterinsights_sitenote_note":"","_monsterinsights_sitenote_category":0,"footnotes":""},"categories":[70,69,32,3],"tags":[270,47,3317],"class_list":["post-23779","post","type-post","status-publish","format-standard","has-post-thumbnail","hentry","category-destaques","category-noticias2","category-regiao","category-ribeira-do-pombal","tag-justica","tag-ribeira-do-pombal","tag-servidores-municipais"],"aioseo_notices":[],"_links":{"self":[{"href":"https:\/\/www.portalalerta.com.br\/index.php\/wp-json\/wp\/v2\/posts\/23779","targetHints":{"allow":["GET"]}}],"collection":[{"href":"https:\/\/www.portalalerta.com.br\/index.php\/wp-json\/wp\/v2\/posts"}],"about":[{"href":"https:\/\/www.portalalerta.com.br\/index.php\/wp-json\/wp\/v2\/types\/post"}],"author":[{"embeddable":true,"href":"https:\/\/www.portalalerta.com.br\/index.php\/wp-json\/wp\/v2\/users\/2"}],"replies":[{"embeddable":true,"href":"https:\/\/www.portalalerta.com.br\/index.php\/wp-json\/wp\/v2\/comments?post=23779"}],"version-history":[{"count":1,"href":"https:\/\/www.portalalerta.com.br\/index.php\/wp-json\/wp\/v2\/posts\/23779\/revisions"}],"predecessor-version":[{"id":23780,"href":"https:\/\/www.portalalerta.com.br\/index.php\/wp-json\/wp\/v2\/posts\/23779\/revisions\/23780"}],"wp:featuredmedia":[{"embeddable":true,"href":"https:\/\/www.portalalerta.com.br\/index.php\/wp-json\/wp\/v2\/media\/6597"}],"wp:attachment":[{"href":"https:\/\/www.portalalerta.com.br\/index.php\/wp-json\/wp\/v2\/media?parent=23779"}],"wp:term":[{"taxonomy":"category","embeddable":true,"href":"https:\/\/www.portalalerta.com.br\/index.php\/wp-json\/wp\/v2\/categories?post=23779"},{"taxonomy":"post_tag","embeddable":true,"href":"https:\/\/www.portalalerta.com.br\/index.php\/wp-json\/wp\/v2\/tags?post=23779"}],"curies":[{"name":"wp","href":"https:\/\/api.w.org\/{rel}","templated":true}]}}