{"id":23781,"date":"2020-05-01T23:05:07","date_gmt":"2020-05-02T02:05:07","guid":{"rendered":"https:\/\/www.portalalerta.com.br\/?p=23781"},"modified":"2020-05-01T23:08:45","modified_gmt":"2020-05-02T02:08:45","slug":"confirmado-covid-19-para-idoso-que-morreu-em-hospital-de-ribeira-do-pombal-ba1","status":"publish","type":"post","link":"https:\/\/www.portalalerta.com.br\/index.php\/2020\/05\/01\/confirmado-covid-19-para-idoso-que-morreu-em-hospital-de-ribeira-do-pombal-ba1\/","title":{"rendered":"Confirmado o 2\u00ba Caso de Covid-19 em Ribeira do Pombal-BA. Trata-se de um idoso que morreu no HGST!"},"content":{"rendered":"<p style=\"text-align: justify;\">Na noite desta sexta-feira, 1\u00ba, \u00a0a Secretaria Municipal de Sa\u00fade de Ribeira do Pombal-BA emitiu uma nota, confirmando o segundo caso de Covid-19 no munic\u00edpio.<!--more--><\/p>\n<p style=\"text-align: justify;\"><img fetchpriority=\"high\" decoding=\"async\" class=\"size-full wp-image-2902 alignleft\" src=\"https:\/\/www.portalalerta.com.br\/wp-content\/uploads\/2017\/11\/elab-2.jpg\" alt=\"\" width=\"310\" height=\"200\" srcset=\"https:\/\/www.portalalerta.com.br\/wp-content\/uploads\/2017\/11\/elab-2.jpg 310w, https:\/\/www.portalalerta.com.br\/wp-content\/uploads\/2017\/11\/elab-2-226x146.jpg 226w, https:\/\/www.portalalerta.com.br\/wp-content\/uploads\/2017\/11\/elab-2-50x32.jpg 50w, https:\/\/www.portalalerta.com.br\/wp-content\/uploads\/2017\/11\/elab-2-116x75.jpg 116w\" sizes=\"(max-width: 310px) 100vw, 310px\" \/>Trata-se do idoso de 84 anos, que estava internado no Hospital Geral Santa Tereza, e que <a href=\"https:\/\/www.portalalerta.com.br\/index.php\/2020\/04\/30\/idoso-que-morreu-em-hospital-de-ribeira-do-pombal-ba-estava-com-suspeita-de-covid-19\/\"><strong>evoluiu a \u00f3bito na \u00faltima quarta-feira, 29<\/strong><\/a>. Mesmo com resultado positivo para o Covid-19, ap\u00f3s ser submetido a um teste r\u00e1pido, foi coletada nova amostra para a realiza\u00e7\u00e3o do RT-PCR, no Laborat\u00f3rio Central do Estado (LACEN), obtendo o resultado positivo na noite desta sexta-feira.<\/p>\n<p style=\"text-align: justify;\">Vale ressaltar que por se tratar de um idoso, a v\u00edtima fazia parte do grupo de risco, al\u00e9m de apresentar outras morbidades.<\/p>\n<p style=\"text-align: justify;\">Ainda na nota, a Secretaria afirmou que as pessoas que tiveram contato com a v\u00edtima, se encontram monitorados em isolamento domiciliar. <strong>Confira a nota na \u00edntegra:<\/strong><\/p>\n<p style=\"text-align: justify;\"><img decoding=\"async\" class=\"aligncenter wp-image-23782 size-full\" src=\"https:\/\/www.portalalerta.com.br\/wp-content\/uploads\/2020\/05\/coronavirus-em-Ribeira-do-Pombal.jpeg\" alt=\"\" width=\"720\" height=\"720\" srcset=\"https:\/\/www.portalalerta.com.br\/wp-content\/uploads\/2020\/05\/coronavirus-em-Ribeira-do-Pombal.jpeg 720w, https:\/\/www.portalalerta.com.br\/wp-content\/uploads\/2020\/05\/coronavirus-em-Ribeira-do-Pombal-240x240.jpeg 240w, https:\/\/www.portalalerta.com.br\/wp-content\/uploads\/2020\/05\/coronavirus-em-Ribeira-do-Pombal-146x146.jpeg 146w, https:\/\/www.portalalerta.com.br\/wp-content\/uploads\/2020\/05\/coronavirus-em-Ribeira-do-Pombal-50x50.jpeg 50w, https:\/\/www.portalalerta.com.br\/wp-content\/uploads\/2020\/05\/coronavirus-em-Ribeira-do-Pombal-75x75.jpeg 75w, https:\/\/www.portalalerta.com.br\/wp-content\/uploads\/2020\/05\/coronavirus-em-Ribeira-do-Pombal-85x85.jpeg 85w, https:\/\/www.portalalerta.com.br\/wp-content\/uploads\/2020\/05\/coronavirus-em-Ribeira-do-Pombal-80x80.jpeg 80w\" sizes=\"(max-width: 720px) 100vw, 720px\" \/><em>Reda\u00e7\u00e3o: Portal Alerta<\/em><\/p>\n<p style=\"text-align: justify;\"><strong><em>#fiqueemcasa<\/em><\/strong><\/p>\n","protected":false},"excerpt":{"rendered":"<p>Na noite desta sexta-feira, 1\u00ba, \u00a0a Secretaria Municipal de Sa\u00fade de Ribeira do Pombal-BA emitiu uma nota, confirmando o segundo caso de Covid-19 no munic\u00edpio.<\/p>\n","protected":false},"author":2,"featured_media":22317,"comment_status":"open","ping_status":"open","sticky":false,"template":"","format":"standard","meta":{"om_disable_all_campaigns":false,"_monsterinsights_skip_tracking":false,"_monsterinsights_sitenote_active":false,"_monsterinsights_sitenote_note":"","_monsterinsights_sitenote_category":0,"footnotes":""},"categories":[70,69,32,3,19],"tags":[3429,3486,151,169,47,61,433],"class_list":["post-23781","post","type-post","status-publish","format-standard","has-post-thumbnail","hentry","category-destaques","category-noticias2","category-regiao","category-ribeira-do-pombal","category-saude","tag-coronavirus","tag-covid-19","tag-hgst","tag-morte","tag-ribeira-do-pombal","tag-saude","tag-secretaria-de-saude"],"aioseo_notices":[],"_links":{"self":[{"href":"https:\/\/www.portalalerta.com.br\/index.php\/wp-json\/wp\/v2\/posts\/23781","targetHints":{"allow":["GET"]}}],"collection":[{"href":"https:\/\/www.portalalerta.com.br\/index.php\/wp-json\/wp\/v2\/posts"}],"about":[{"href":"https:\/\/www.portalalerta.com.br\/index.php\/wp-json\/wp\/v2\/types\/post"}],"author":[{"embeddable":true,"href":"https:\/\/www.portalalerta.com.br\/index.php\/wp-json\/wp\/v2\/users\/2"}],"replies":[{"embeddable":true,"href":"https:\/\/www.portalalerta.com.br\/index.php\/wp-json\/wp\/v2\/comments?post=23781"}],"version-history":[{"count":3,"href":"https:\/\/www.portalalerta.com.br\/index.php\/wp-json\/wp\/v2\/posts\/23781\/revisions"}],"predecessor-version":[{"id":23785,"href":"https:\/\/www.portalalerta.com.br\/index.php\/wp-json\/wp\/v2\/posts\/23781\/revisions\/23785"}],"wp:featuredmedia":[{"embeddable":true,"href":"https:\/\/www.portalalerta.com.br\/index.php\/wp-json\/wp\/v2\/media\/22317"}],"wp:attachment":[{"href":"https:\/\/www.portalalerta.com.br\/index.php\/wp-json\/wp\/v2\/media?parent=23781"}],"wp:term":[{"taxonomy":"category","embeddable":true,"href":"https:\/\/www.portalalerta.com.br\/index.php\/wp-json\/wp\/v2\/categories?post=23781"},{"taxonomy":"post_tag","embeddable":true,"href":"https:\/\/www.portalalerta.com.br\/index.php\/wp-json\/wp\/v2\/tags?post=23781"}],"curies":[{"name":"wp","href":"https:\/\/api.w.org\/{rel}","templated":true}]}}