{"id":23790,"date":"2020-05-02T14:01:49","date_gmt":"2020-05-02T17:01:49","guid":{"rendered":"https:\/\/www.portalalerta.com.br\/?p=23790"},"modified":"2020-05-02T14:01:49","modified_gmt":"2020-05-02T17:01:49","slug":"acusado-cometer-homicidio-em-feira-de-santana-ba-e-preso-em-araci-ba-durante-fuga","status":"publish","type":"post","link":"https:\/\/www.portalalerta.com.br\/index.php\/2020\/05\/02\/acusado-cometer-homicidio-em-feira-de-santana-ba-e-preso-em-araci-ba-durante-fuga\/","title":{"rendered":"Acusado cometer homic\u00eddio em Feira de Santana-BA \u00e9 preso em Araci-BA durante fuga"},"content":{"rendered":"<p style=\"text-align: justify;\">Diego Arcoverde Alves, de 31 anos, acusado de matar um homem e ferir outro a tiros em um posto de combust\u00edveis em Feira de Santana-BA, na noite da \u00faltima quarta-feira (29), foi preso na cidade de Araci-BA enquanto tentava fugir.<!--more--><\/p>\n<p style=\"text-align: justify;\"><img fetchpriority=\"high\" decoding=\"async\" class=\"size-thumbnail wp-image-23589 aligncenter\" src=\"https:\/\/www.portalalerta.com.br\/wp-content\/uploads\/2020\/04\/real-acordo-720x93.jpg\" alt=\"\" width=\"720\" height=\"93\" \/>De acordo com informa\u00e7\u00f5es da Pol\u00edcia Militar, uma guarni\u00e7\u00e3o da Companhia de Emprego T\u00e1tico Operacional (Ceto) do 16\u00ba Batalh\u00e3o foi informada que Diego havia fugido pela BR-116 sentido Serrinha e, ap\u00f3s montar bloqueio na rodovia, avistou o carro em que ele estava, mas o acusado fugiu ap\u00f3s ignorar ordem de parada. Houve persegui\u00e7\u00e3o e os policiais da Companhia de Emprego T\u00e1tico Operacional (CETO) conseguiram alcan\u00e7ar Diego nas imedia\u00e7\u00f5es de um posto de combust\u00edveis em Araci, com apoio de uma guarni\u00e7\u00e3o do pelot\u00e3o local.<\/p>\n<p style=\"text-align: justify;\">Ao ser abordado, ele confessou ter cometido os crimes em Feira de Santana. N\u00e3o h\u00e1 detalhes sobre o ocorrido nem a identidade das v\u00edtimas. O homem foi levado para uma Delegacia da Pol\u00edcia Civil em Feira de Santana, onde o caso foi registrado.<\/p>\n<p style=\"text-align: justify;\"><em>Fonte: Not\u00edcias de Santaluz<\/em><\/p>\n","protected":false},"excerpt":{"rendered":"<p>Diego Arcoverde Alves, de 31 anos, acusado de matar um homem e ferir outro a tiros em um posto de combust\u00edveis em Feira de Santana-BA, na noite da \u00faltima quarta-feira (29), foi preso na cidade de Araci-BA enquanto tentava fugir.<\/p>\n","protected":false},"author":2,"featured_media":20567,"comment_status":"open","ping_status":"open","sticky":false,"template":"","format":"standard","meta":{"om_disable_all_campaigns":false,"_monsterinsights_skip_tracking":false,"_monsterinsights_sitenote_active":false,"_monsterinsights_sitenote_note":"","_monsterinsights_sitenote_category":0,"footnotes":""},"categories":[41,33,70,69,32,22],"tags":[48,54,289,409,377,137,206,79,77,105],"class_list":["post-23790","post","type-post","status-publish","format-standard","has-post-thumbnail","hentry","category-araci","category-bahia","category-destaques","category-noticias2","category-regiao","category-seguranca","tag-araci","tag-bahia","tag-br-116","tag-ceto","tag-feira-de-santana","tag-fuga","tag-homicidio","tag-policia-militar","tag-preso","tag-tentativa-de-homicidio"],"aioseo_notices":[],"_links":{"self":[{"href":"https:\/\/www.portalalerta.com.br\/index.php\/wp-json\/wp\/v2\/posts\/23790","targetHints":{"allow":["GET"]}}],"collection":[{"href":"https:\/\/www.portalalerta.com.br\/index.php\/wp-json\/wp\/v2\/posts"}],"about":[{"href":"https:\/\/www.portalalerta.com.br\/index.php\/wp-json\/wp\/v2\/types\/post"}],"author":[{"embeddable":true,"href":"https:\/\/www.portalalerta.com.br\/index.php\/wp-json\/wp\/v2\/users\/2"}],"replies":[{"embeddable":true,"href":"https:\/\/www.portalalerta.com.br\/index.php\/wp-json\/wp\/v2\/comments?post=23790"}],"version-history":[{"count":2,"href":"https:\/\/www.portalalerta.com.br\/index.php\/wp-json\/wp\/v2\/posts\/23790\/revisions"}],"predecessor-version":[{"id":23792,"href":"https:\/\/www.portalalerta.com.br\/index.php\/wp-json\/wp\/v2\/posts\/23790\/revisions\/23792"}],"wp:featuredmedia":[{"embeddable":true,"href":"https:\/\/www.portalalerta.com.br\/index.php\/wp-json\/wp\/v2\/media\/20567"}],"wp:attachment":[{"href":"https:\/\/www.portalalerta.com.br\/index.php\/wp-json\/wp\/v2\/media?parent=23790"}],"wp:term":[{"taxonomy":"category","embeddable":true,"href":"https:\/\/www.portalalerta.com.br\/index.php\/wp-json\/wp\/v2\/categories?post=23790"},{"taxonomy":"post_tag","embeddable":true,"href":"https:\/\/www.portalalerta.com.br\/index.php\/wp-json\/wp\/v2\/tags?post=23790"}],"curies":[{"name":"wp","href":"https:\/\/api.w.org\/{rel}","templated":true}]}}