{"id":23794,"date":"2020-05-02T15:22:28","date_gmt":"2020-05-02T18:22:28","guid":{"rendered":"https:\/\/www.portalalerta.com.br\/?p=23794"},"modified":"2020-05-02T15:22:28","modified_gmt":"2020-05-02T18:22:28","slug":"aras-rebate-critica-de-moro-e-diz-que-nao-aceita-ser-manipulado-e-intimidado","status":"publish","type":"post","link":"https:\/\/www.portalalerta.com.br\/index.php\/2020\/05\/02\/aras-rebate-critica-de-moro-e-diz-que-nao-aceita-ser-manipulado-e-intimidado\/","title":{"rendered":"Aras rebate cr\u00edtica de Moro e diz que n\u00e3o aceita ser manipulado e intimidado"},"content":{"rendered":"<p style=\"text-align: justify;\">O procurador-geral da Rep\u00fablica, Augusto Aras, rebateu a declara\u00e7\u00e3o de Sergio Moro de classificar como intimidat\u00f3rio o fato de ser investigado no inqu\u00e9rito aberto para apurar suas acusa\u00e7\u00f5es contra\u00a0o presidente Jair Bolsonaro.<!--more--><\/p>\n<p style=\"text-align: justify;\">Por meio de nota, Aras refutou a afirma\u00e7\u00e3o de Moro e disse que &#8220;n\u00e3o aceita ser pautado ou manipulado ou intimidado por pessoas ou organiza\u00e7\u00f5es de nenhuma esp\u00e9cie&#8221;.<\/p>\n<p style=\"text-align: justify;\">O ex-ministro da Justi\u00e7a e Seguran\u00e7a P\u00fablico fez a cr\u00edtica ao PGR em uma entrevista \u00e0 Revista Veja em que disse n\u00e3o ser mentiroso e afirmou que ir\u00e1 provar a tentativa de interfer\u00eancia do chefe do Executivo na Pol\u00edcia Federal.<\/p>\n<p style=\"text-align: justify;\"><img fetchpriority=\"high\" decoding=\"async\" class=\"size-thumbnail wp-image-9394 alignleft\" src=\"https:\/\/www.portalalerta.com.br\/wp-content\/uploads\/2018\/07\/05elab-320x240.jpg\" alt=\"\" width=\"320\" height=\"240\" srcset=\"https:\/\/www.portalalerta.com.br\/wp-content\/uploads\/2018\/07\/05elab-320x240.jpg 320w, https:\/\/www.portalalerta.com.br\/wp-content\/uploads\/2018\/07\/05elab-195x146.jpg 195w, https:\/\/www.portalalerta.com.br\/wp-content\/uploads\/2018\/07\/05elab-50x38.jpg 50w, https:\/\/www.portalalerta.com.br\/wp-content\/uploads\/2018\/07\/05elab-100x75.jpg 100w, https:\/\/www.portalalerta.com.br\/wp-content\/uploads\/2018\/07\/05elab.jpg 400w\" sizes=\"(max-width: 320px) 100vw, 320px\" \/>&#8220;Entendi que a requisi\u00e7\u00e3o de abertura desse inqu\u00e9rito que me aponta como poss\u00edvel respons\u00e1vel por cal\u00fania e denuncia\u00e7\u00e3o caluniosa foi intimidat\u00f3ria. Dito isso, quero afirmar que estou \u00e0 disposi\u00e7\u00e3o das autoridades&#8221;, disse o ex-juiz federal e ex-ministro de Bolsonaro.<\/p>\n<p style=\"text-align: justify;\">Al\u00e9m de investigar as acusa\u00e7\u00f5es contra Bolsonaro, Aras tamb\u00e9m pediu autoriza\u00e7\u00e3o ao STF (Supremo Tribunal Federal) para investigar Moro. Segundo interlocutores da PGR, ele pode ser enquadrado em tr\u00eas dos oito crimes listados no pedido de abertura de inqu\u00e9rito: denuncia\u00e7\u00e3o caluniosa, crime contra a honra e prevarica\u00e7\u00e3o.<\/p>\n<p style=\"text-align: justify;\">Aras, no entanto, rebate a avalia\u00e7\u00e3o de Moro e diz que est\u00e1 cumprindo seu papel. &#8220;A PGR tem o dever de averiguar todos os fatos -e as vers\u00f5es que lhes d\u00e3o os envolvidos- em busca da verdade real&#8221;, frisa.<\/p>\n<p style=\"text-align: justify;\">E prossegue: &#8220;O requerimento de inqu\u00e9rito encaminhado ao Supremo Tribunal Federal obedece \u00e0 consagrada t\u00e9cnica jur\u00eddica de apurar fatos, em tese, il\u00edcitos, identificando os respons\u00e1veis e a exist\u00eancia ou n\u00e3o de sua materialidade, em busca de formar convic\u00e7\u00e3o sobre a ocorr\u00eancia ou n\u00e3o de crimes&#8221;.<\/p>\n<p style=\"text-align: justify;\">O procurador-geral ressalta, por\u00e9m, que o pedido para apurar os fatos n\u00e3o significa que os investigados ser\u00e3o denunciados.<\/p>\n<p style=\"text-align: justify;\">&#8220;A peti\u00e7\u00e3o de inqu\u00e9rito apenas narra fatos e se cont\u00e9m nos limites do exerc\u00edcio das prerrogativas do Minist\u00e9rio P\u00fablico, sem potencial decis\u00f3rio para prender, conduzir coercitivamente, realizar busca e apreens\u00e3o, atos t\u00edpicos de ju\u00edzes -e, s\u00f3 por isso, n\u00e3o tem car\u00e1ter intimidat\u00f3rio&#8221;.<\/p>\n<p style=\"text-align: justify;\">Na entrevista, Moro foi questionado sobre quais provas teria a apresentar, mas limitou-se a dizer que ir\u00e1 se pronunciar quando for questionado pela Justi\u00e7a. E isso, inclusive, deve acontecer em breve, uma vez que o ministro do STF Celso de Mello determinou, na quinta-feira (30), que seu depoimento seja realizado em at\u00e9 cinco dias.<\/p>\n<p style=\"text-align: justify;\">&#8220;Reitero tudo o que disse no meu pronunciamento. Esclarecimentos adicionais farei apenas quando for instado pela Justi\u00e7a. As provas ser\u00e3o apresentadas no momento oportuno, quando a Justi\u00e7a solicitar&#8221;, disse o ex-ministro \u00e0 Veja.<\/p>\n<p style=\"text-align: justify;\">O ex-ministro acusou ainda o governo Bolsonaro de n\u00e3o priorizar o combate \u00e0 corrup\u00e7\u00e3o. Al\u00e9m disso, ressaltou que que n\u00e3o teve o apoio necess\u00e1rio para implementar pol\u00edticas p\u00fablicas.<\/p>\n<p style=\"text-align: justify;\">&#8220;Sinais de que o combate \u00e0 corrup\u00e7\u00e3o n\u00e3o \u00e9 prioridade do governo foram surgindo no decorrer da gest\u00e3o. Come\u00e7ou com a transfer\u00eancia do Coaf para o Minist\u00e9rio da Economia. O governo n\u00e3o se movimentou para impedir a mudan\u00e7a. Depois, veio o projeto anticrime&#8221;, observou.<\/p>\n<p style=\"text-align: justify;\">Ao pedir demiss\u00e3o do governo na \u00faltima sexta-feira (24), o ex-ministro afirmou que Bolsonaro pretendia substituir Maur\u00edcio Valeixo por Alexandre Ramagem no comando da Pol\u00edcia Federal para que tivesse algu\u00e9m pr\u00f3ximo \u00e0 frente da corpora\u00e7\u00e3o.<\/p>\n<p style=\"text-align: justify;\">A inten\u00e7\u00e3o, segundo Moro, seria colher relat\u00f3rios de intelig\u00eancia e ter acesso a informa\u00e7\u00f5es sobre investiga\u00e7\u00f5es em curso, o que viola a autonomia da PF. E Bolsonaro tentou mesmo nomear Ramagem, mas o indicado teve a posse suspensa por decis\u00e3o do ministro Alexandre de Moraes, do STF.<\/p>\n<p style=\"text-align: justify;\">Al\u00e9m disso, Moro afirmou que n\u00e3o tinha assinado a exonera\u00e7\u00e3o de Valeixo e que soube pelo Di\u00e1rio Oficial. Ainda segundo o ministro, Valeixo n\u00e3o pediu para ser exonerado, ao contr\u00e1rio do que informa o ato no Di\u00e1rio Oficial.<\/p>\n<p style=\"text-align: justify;\">Bolsonaro admitiu o erro e retirou o nome do ex-ministro da assinatura da medida de exonera\u00e7\u00e3o do comando da PF. A demiss\u00e3o foi republicada em edi\u00e7\u00e3o extra do Di\u00e1rio Oficial da Uni\u00e3o na noite de sexta (24) sem o nome de Moro abaixo do de Bolsonaro.<\/p>\n<p style=\"text-align: justify;\"><em>Fonte: Yahoo Not\u00edcias<\/em><\/p>\n","protected":false},"excerpt":{"rendered":"<p>O procurador-geral da Rep\u00fablica, Augusto Aras, rebateu a declara\u00e7\u00e3o de Sergio Moro de classificar como intimidat\u00f3rio o fato de ser investigado no inqu\u00e9rito aberto para apurar suas acusa\u00e7\u00f5es contra\u00a0o presidente Jair Bolsonaro.<\/p>\n","protected":false},"author":2,"featured_media":19249,"comment_status":"open","ping_status":"open","sticky":false,"template":"","format":"standard","meta":{"om_disable_all_campaigns":false,"_monsterinsights_skip_tracking":false,"_monsterinsights_sitenote_active":false,"_monsterinsights_sitenote_note":"","_monsterinsights_sitenote_category":0,"footnotes":""},"categories":[34,70,69,21],"tags":[3099,93,541,1783,411,443],"class_list":["post-23794","post","type-post","status-publish","format-standard","has-post-thumbnail","hentry","category-brasil","category-destaques","category-noticias2","category-politica","tag-augusto-aras","tag-brasil","tag-ex-ministro","tag-ministerio-da-justica","tag-pgr","tag-sergio-moro"],"aioseo_notices":[],"_links":{"self":[{"href":"https:\/\/www.portalalerta.com.br\/index.php\/wp-json\/wp\/v2\/posts\/23794","targetHints":{"allow":["GET"]}}],"collection":[{"href":"https:\/\/www.portalalerta.com.br\/index.php\/wp-json\/wp\/v2\/posts"}],"about":[{"href":"https:\/\/www.portalalerta.com.br\/index.php\/wp-json\/wp\/v2\/types\/post"}],"author":[{"embeddable":true,"href":"https:\/\/www.portalalerta.com.br\/index.php\/wp-json\/wp\/v2\/users\/2"}],"replies":[{"embeddable":true,"href":"https:\/\/www.portalalerta.com.br\/index.php\/wp-json\/wp\/v2\/comments?post=23794"}],"version-history":[{"count":1,"href":"https:\/\/www.portalalerta.com.br\/index.php\/wp-json\/wp\/v2\/posts\/23794\/revisions"}],"predecessor-version":[{"id":23795,"href":"https:\/\/www.portalalerta.com.br\/index.php\/wp-json\/wp\/v2\/posts\/23794\/revisions\/23795"}],"wp:featuredmedia":[{"embeddable":true,"href":"https:\/\/www.portalalerta.com.br\/index.php\/wp-json\/wp\/v2\/media\/19249"}],"wp:attachment":[{"href":"https:\/\/www.portalalerta.com.br\/index.php\/wp-json\/wp\/v2\/media?parent=23794"}],"wp:term":[{"taxonomy":"category","embeddable":true,"href":"https:\/\/www.portalalerta.com.br\/index.php\/wp-json\/wp\/v2\/categories?post=23794"},{"taxonomy":"post_tag","embeddable":true,"href":"https:\/\/www.portalalerta.com.br\/index.php\/wp-json\/wp\/v2\/tags?post=23794"}],"curies":[{"name":"wp","href":"https:\/\/api.w.org\/{rel}","templated":true}]}}