{"id":23796,"date":"2020-05-02T16:06:12","date_gmt":"2020-05-02T19:06:12","guid":{"rendered":"https:\/\/www.portalalerta.com.br\/?p=23796"},"modified":"2020-05-02T16:06:12","modified_gmt":"2020-05-02T19:06:12","slug":"tres-pessoas-sao-assassinadas-no-mesmo-dia-em-tucano-ba","status":"publish","type":"post","link":"https:\/\/www.portalalerta.com.br\/index.php\/2020\/05\/02\/tres-pessoas-sao-assassinadas-no-mesmo-dia-em-tucano-ba\/","title":{"rendered":"Tr\u00eas pessoas s\u00e3o assassinadas no mesmo dia, em Tucano-BA"},"content":{"rendered":"<p style=\"text-align: justify;\">A \u00faltima sexta-feira, 1\u00ba, foi marcada pela viol\u00eancia, no munic\u00edpio de Tucano-BA. Ao todo, tr\u00eas pessoas foram v\u00edtimas de homic\u00eddios, sendo que em um dos casos, duas v\u00edtimas eram da mesma fam\u00edlia<!--more--><\/p>\n<p style=\"text-align: justify;\"><img fetchpriority=\"high\" decoding=\"async\" class=\"size-thumbnail wp-image-4869 aligncenter\" src=\"https:\/\/www.portalalerta.com.br\/wp-content\/uploads\/2018\/02\/Auto-Escola-Nobre-720x181.jpg\" alt=\"\" width=\"720\" height=\"181\" srcset=\"https:\/\/www.portalalerta.com.br\/wp-content\/uploads\/2018\/02\/Auto-Escola-Nobre.jpg 720w, https:\/\/www.portalalerta.com.br\/wp-content\/uploads\/2018\/02\/Auto-Escola-Nobre-260x65.jpg 260w, https:\/\/www.portalalerta.com.br\/wp-content\/uploads\/2018\/02\/Auto-Escola-Nobre-50x13.jpg 50w, https:\/\/www.portalalerta.com.br\/wp-content\/uploads\/2018\/02\/Auto-Escola-Nobre-150x38.jpg 150w\" sizes=\"(max-width: 720px) 100vw, 720px\" \/>Ainda pela manh\u00e3, a primeira v\u00edtima, identificada como Antonio dos Santos Cabral (Toinho), 52 anos, foi encontrado j\u00e1 sem os sinais vitais, no interior do pr\u00f3prio estabelecimento, conhecido como \u201cbar do Cabral\u201d, situado na Av. H\u00e9lcio Andrade. O corpo da v\u00edtima, se encontrava com diversas perfura\u00e7\u00f5es, causadas por disparos de arma de fogo.<\/p>\n<figure id=\"attachment_23797\" aria-describedby=\"caption-attachment-23797\" style=\"width: 720px\" class=\"wp-caption aligncenter\"><img decoding=\"async\" class=\"wp-image-23797 size-full\" src=\"https:\/\/www.portalalerta.com.br\/wp-content\/uploads\/2020\/05\/homic\u00eddio-em-Tucano-2020.3.jpeg\" alt=\"\" width=\"720\" height=\"405\" srcset=\"https:\/\/www.portalalerta.com.br\/wp-content\/uploads\/2020\/05\/homic\u00eddio-em-Tucano-2020.3.jpeg 720w, https:\/\/www.portalalerta.com.br\/wp-content\/uploads\/2020\/05\/homic\u00eddio-em-Tucano-2020.3-427x240.jpeg 427w, https:\/\/www.portalalerta.com.br\/wp-content\/uploads\/2020\/05\/homic\u00eddio-em-Tucano-2020.3-260x146.jpeg 260w, https:\/\/www.portalalerta.com.br\/wp-content\/uploads\/2020\/05\/homic\u00eddio-em-Tucano-2020.3-50x28.jpeg 50w, https:\/\/www.portalalerta.com.br\/wp-content\/uploads\/2020\/05\/homic\u00eddio-em-Tucano-2020.3-133x75.jpeg 133w\" sizes=\"(max-width: 720px) 100vw, 720px\" \/><figcaption id=\"caption-attachment-23797\" class=\"wp-caption-text\">&#8220;Bar do Cabral&#8221; era de propriedade da v\u00edtima<\/figcaption><\/figure>\n<p style=\"text-align: justify;\">De acordo com informa\u00e7\u00f5es preliminares, o local tinha sido invadido pelos criminosos, e consequentemente o propriet\u00e1rio foi executado no referido local, ainda pela madrugada. Existem relatos que \u201cToinho\u201d tinha envolvimento com o crime organizado, e por conta disso, a pol\u00edcia n\u00e3o descarta a possibilidade \u00a0da motiva\u00e7\u00e3o ter liga\u00e7\u00e3o com poss\u00edvel acerto de contas.<\/p>\n<figure id=\"attachment_23798\" aria-describedby=\"caption-attachment-23798\" style=\"width: 576px\" class=\"wp-caption aligncenter\"><img decoding=\"async\" class=\"wp-image-23798 size-full\" src=\"https:\/\/www.portalalerta.com.br\/wp-content\/uploads\/2020\/05\/homic\u00eddio-em-Tucano-2020.4.jpg\" alt=\"\" width=\"576\" height=\"330\" srcset=\"https:\/\/www.portalalerta.com.br\/wp-content\/uploads\/2020\/05\/homic\u00eddio-em-Tucano-2020.4.jpg 576w, https:\/\/www.portalalerta.com.br\/wp-content\/uploads\/2020\/05\/homic\u00eddio-em-Tucano-2020.4-419x240.jpg 419w, https:\/\/www.portalalerta.com.br\/wp-content\/uploads\/2020\/05\/homic\u00eddio-em-Tucano-2020.4-255x146.jpg 255w, https:\/\/www.portalalerta.com.br\/wp-content\/uploads\/2020\/05\/homic\u00eddio-em-Tucano-2020.4-50x29.jpg 50w, https:\/\/www.portalalerta.com.br\/wp-content\/uploads\/2020\/05\/homic\u00eddio-em-Tucano-2020.4-131x75.jpg 131w\" sizes=\"(max-width: 576px) 100vw, 576px\" \/><figcaption id=\"caption-attachment-23798\" class=\"wp-caption-text\">&#8220;Toinho&#8221; foi encontrado sem os sinais vitais<\/figcaption><\/figure>\n<h2 style=\"text-align: justify;\">Duplo Homic\u00eddio<\/h2>\n<p style=\"text-align: justify;\">J\u00e1 por volta das 19:30hs, o munic\u00edpio voltou a registrar mais dois crimes desta natureza. Desta vez o caso aconteceu no Bairro Vila Progresso, quando tio e sobrinho tamb\u00e9m foram assassinados \u00e0 tiros.<\/p>\n<figure id=\"attachment_23799\" aria-describedby=\"caption-attachment-23799\" style=\"width: 720px\" class=\"wp-caption aligncenter\"><img loading=\"lazy\" decoding=\"async\" class=\"wp-image-23799 size-full\" src=\"https:\/\/www.portalalerta.com.br\/wp-content\/uploads\/2020\/05\/homic\u00eddio-em-Tucano-2020.5.jpg\" alt=\"\" width=\"720\" height=\"405\" srcset=\"https:\/\/www.portalalerta.com.br\/wp-content\/uploads\/2020\/05\/homic\u00eddio-em-Tucano-2020.5.jpg 720w, https:\/\/www.portalalerta.com.br\/wp-content\/uploads\/2020\/05\/homic\u00eddio-em-Tucano-2020.5-427x240.jpg 427w, https:\/\/www.portalalerta.com.br\/wp-content\/uploads\/2020\/05\/homic\u00eddio-em-Tucano-2020.5-260x146.jpg 260w, https:\/\/www.portalalerta.com.br\/wp-content\/uploads\/2020\/05\/homic\u00eddio-em-Tucano-2020.5-50x28.jpg 50w, https:\/\/www.portalalerta.com.br\/wp-content\/uploads\/2020\/05\/homic\u00eddio-em-Tucano-2020.5-133x75.jpg 133w\" sizes=\"(max-width: 720px) 100vw, 720px\" \/><figcaption id=\"caption-attachment-23799\" class=\"wp-caption-text\">Tio e sobrinho foram assassinados no bairro Vila Progresso<\/figcaption><\/figure>\n<p style=\"text-align: justify;\">As v\u00edtimas foram identificadas pelos prenomes C\u00edcero (Caboclo), e Anderson. N\u00e3o foram divulgados mais detalhes sobre a autoria do crime, tampouco se tem alguma rela\u00e7\u00e3o com o crime que vitimou \u201cToinho\u201d, horas antes.<\/p>\n<p style=\"text-align: justify;\">Todos os corpos foram recolhidos e conduzidos para o Instituto M\u00e9dico Legal (IML \u2013 Euclides da Cunha), para serem autopsiados.<\/p>\n<p style=\"text-align: justify;\">Desta forma, o n\u00famero de assassinatos em Tucano-BA em 2020, sobe para cinco.<\/p>\n<p style=\"text-align: justify;\"><em>Reda\u00e7\u00e3o: Portal Alerta<\/em><\/p>\n<p style=\"text-align: justify;\"><em>Com informa\u00e7\u00f5es: Gil Santos<\/em><\/p>\n<p style=\"text-align: justify;\"><strong><em>#fiqueemcasa<\/em><\/strong><\/p>\n","protected":false},"excerpt":{"rendered":"<p>A \u00faltima sexta-feira, 1\u00ba, foi marcada pela viol\u00eancia, no munic\u00edpio de Tucano-BA. Ao todo, tr\u00eas pessoas foram v\u00edtimas de homic\u00eddios, sendo que em um dos casos, duas v\u00edtimas eram da mesma fam\u00edlia<\/p>\n","protected":false},"author":2,"featured_media":18512,"comment_status":"open","ping_status":"open","sticky":false,"template":"","format":"standard","meta":{"om_disable_all_campaigns":false,"_monsterinsights_skip_tracking":false,"_monsterinsights_sitenote_active":false,"_monsterinsights_sitenote_note":"","_monsterinsights_sitenote_category":0,"footnotes":""},"categories":[70,69,32,22,12],"tags":[375,2074,190],"class_list":["post-23796","post","type-post","status-publish","format-standard","has-post-thumbnail","hentry","category-destaques","category-noticias2","category-regiao","category-seguranca","category-tucano","tag-disparos-de-arma-de-fogo","tag-homicidios","tag-tucano"],"aioseo_notices":[],"_links":{"self":[{"href":"https:\/\/www.portalalerta.com.br\/index.php\/wp-json\/wp\/v2\/posts\/23796","targetHints":{"allow":["GET"]}}],"collection":[{"href":"https:\/\/www.portalalerta.com.br\/index.php\/wp-json\/wp\/v2\/posts"}],"about":[{"href":"https:\/\/www.portalalerta.com.br\/index.php\/wp-json\/wp\/v2\/types\/post"}],"author":[{"embeddable":true,"href":"https:\/\/www.portalalerta.com.br\/index.php\/wp-json\/wp\/v2\/users\/2"}],"replies":[{"embeddable":true,"href":"https:\/\/www.portalalerta.com.br\/index.php\/wp-json\/wp\/v2\/comments?post=23796"}],"version-history":[{"count":1,"href":"https:\/\/www.portalalerta.com.br\/index.php\/wp-json\/wp\/v2\/posts\/23796\/revisions"}],"predecessor-version":[{"id":23800,"href":"https:\/\/www.portalalerta.com.br\/index.php\/wp-json\/wp\/v2\/posts\/23796\/revisions\/23800"}],"wp:featuredmedia":[{"embeddable":true,"href":"https:\/\/www.portalalerta.com.br\/index.php\/wp-json\/wp\/v2\/media\/18512"}],"wp:attachment":[{"href":"https:\/\/www.portalalerta.com.br\/index.php\/wp-json\/wp\/v2\/media?parent=23796"}],"wp:term":[{"taxonomy":"category","embeddable":true,"href":"https:\/\/www.portalalerta.com.br\/index.php\/wp-json\/wp\/v2\/categories?post=23796"},{"taxonomy":"post_tag","embeddable":true,"href":"https:\/\/www.portalalerta.com.br\/index.php\/wp-json\/wp\/v2\/tags?post=23796"}],"curies":[{"name":"wp","href":"https:\/\/api.w.org\/{rel}","templated":true}]}}