{"id":23801,"date":"2020-05-02T18:29:14","date_gmt":"2020-05-02T21:29:14","guid":{"rendered":"https:\/\/www.portalalerta.com.br\/?p=23801"},"modified":"2020-05-02T18:29:14","modified_gmt":"2020-05-02T21:29:14","slug":"teich-diz-que-nao-e-possivel-flexibilizar-distanciamento-com-casos-em-franca-ascensao","status":"publish","type":"post","link":"https:\/\/www.portalalerta.com.br\/index.php\/2020\/05\/02\/teich-diz-que-nao-e-possivel-flexibilizar-distanciamento-com-casos-em-franca-ascensao\/","title":{"rendered":"Teich diz que n\u00e3o \u00e9 poss\u00edvel flexibilizar distanciamento com casos em franca ascens\u00e3o"},"content":{"rendered":"<p style=\"text-align: justify;\">O ministro da Sa\u00fade, Nelson Teich, disse na \u00faltima quinta-feira (30) que uma flexibiliza\u00e7\u00e3o do distanciamento social n\u00e3o deve ocorrer enquanto casos do novo coronav\u00edrus estiverem em &#8220;franca ascens\u00e3o&#8221;. A flexibiliza\u00e7\u00e3o do distanciamento social \u00e9 defendida enfaticamente pelo presidente Jair Bolsonaro (sem partido).<!--more--><\/p>\n<p>O assunto foi um dos pontos de tens\u00e3o entre o presidente e o ex-ministro da Sa\u00fade Henrique Mandetta e \u00e9 constantemente usado pelo chefe do Executivo para criticar prefeitos e governadores. &#8220;A gente tem uma diretriz, a gente tem um ponto de partida, mas algumas coisas s\u00e3o b\u00e1sicas: n\u00e3o d\u00e1 para voc\u00ea come\u00e7ar uma libera\u00e7\u00e3o quando voc\u00ea tem uma curva em franca ascend\u00eancia&#8221;, disse.<\/p>\n<p>&#8220;Neste momento, a gente tem uma defini\u00e7\u00e3o clara: o distanciamento permanece como a orienta\u00e7\u00e3o&#8221;, completou. Ele voltou a frisar, no entanto, a inten\u00e7\u00e3o da pasta em fazer uma diretriz que deve recomendar par\u00e2metros de an\u00e1lise a estados e munic\u00edpios para o distanciamento social. A decis\u00e3o por fazer mudan\u00e7as, no entanto, deve ficar a cargo de estados e munic\u00edpios, afirma.<\/p>\n<p><img fetchpriority=\"high\" decoding=\"async\" class=\"size-thumbnail wp-image-23589 aligncenter\" src=\"https:\/\/www.portalalerta.com.br\/wp-content\/uploads\/2020\/04\/real-acordo-720x93.jpg\" alt=\"\" width=\"720\" height=\"93\" \/>&#8220;Estamos trabalhando a parte de teste, melhorando a infraestrutura, acompanhando a evolu\u00e7\u00e3o dos casos, tentando buscar um ponto de inflex\u00e3o da curva. O dia em que todos esses crit\u00e9rios estiverem preenchidos, a gente vai estar dando dentro da diretriz um ok para que se possa fazer uma tentativa de flexibilizar&#8221;, disse. &#8220;Mas, neste momento, ningu\u00e9m est\u00e1 pensando em flexibilizar nada.&#8221;<\/p>\n<p>O ministro reclamou ainda do que chamou de &#8220;polariza\u00e7\u00e3o&#8221; sobre o tema. &#8220;Vejo isso muito mais como uma discuss\u00e3o pol\u00edtica do que como uma discuss\u00e3o social. Se a gente n\u00e3o parar para olhar o que est\u00e1 acontecendo para tentar entender o que isso representa para a sociedade, e ficar polarizando para dizer se \u00e9 bom ou ruim, isso n\u00e3o vai levar a nada.&#8221;<\/p>\n<p>Em seguida, fez um apelo \u00e0 imprensa para que o tema &#8220;seja tratado de forma equilibrada&#8221; e n\u00e3o tratar &#8220;como uma forma de questionar quem est\u00e1 fazendo as coisas&#8221;. &#8220;A gente conta, inclusive, muito com a parte dos rep\u00f3rteres para que isso seja tratado de uma forma equilibrada, de uma forma serena, e n\u00e3o usar isso para criticar pessoas e criticar posi\u00e7\u00f5es.&#8221;<\/p>\n<p>Questionado sobre a ocorr\u00eancia de aumento de casos em regi\u00f5es que flexibilizaram o distanciamento social, Teich disse ser dif\u00edcil dizer &#8220;se isso \u00e9 uma rela\u00e7\u00e3o de causa e efeito&#8221;. &#8220;Isso \u00e9 uma coisa que \u00e9 um trabalho de um pa\u00eds inteiro. Tudo o que est\u00e1 sendo feito, mesmo nestes lugares de hoje, que tentam flexibilizar, eles n\u00e3o est\u00e3o fazendo isso de uma forma irrespons\u00e1vel. Eles fazem planejamento, veem o que est\u00e1 acontecendo e v\u00e3o acompanhando&#8221;, disse.<\/p>\n<p>Segundo ele, a pasta deve usar exemplos de outros pa\u00edses, mas n\u00e3o deve haver uma &#8220;medida milagrosa&#8221;. &#8220;Voc\u00ea v\u00ea v\u00e1rias cidades, inclusive aquelas que nem est\u00e3o ainda com a curva caindo, que j\u00e1 est\u00e3o come\u00e7ando a ter algum tipo de flexibiliza\u00e7\u00e3o, voc\u00ea tem exemplos no mundo inteiro de iniciativas que est\u00e3o acontecendo. A gente vai acompanhar isso, n\u00e3o \u00e9 uma coisa nova, n\u00e3o \u00e9 uma coisa Brasil&#8221;.<\/p>\n<p>&#8220;Quando a gente fala em ter uma diretriz, n\u00e3o quer dizer que amanh\u00e3 voc\u00ea diga &#8216;agora pode fazer o que quiser, deixa todo mundo ir para a rua&#8217;. N\u00e3o \u00e9 isso.&#8221;<\/p>\n<p style=\"text-align: justify;\"><em>Fonte: Cleriston Silva<\/em><\/p>\n","protected":false},"excerpt":{"rendered":"<p>O ministro da Sa\u00fade, Nelson Teich, disse na \u00faltima quinta-feira (30) que uma flexibiliza\u00e7\u00e3o do distanciamento social n\u00e3o deve ocorrer enquanto casos do novo coronav\u00edrus estiverem em &#8220;franca ascens\u00e3o&#8221;. A flexibiliza\u00e7\u00e3o do distanciamento social \u00e9 defendida enfaticamente pelo presidente Jair Bolsonaro (sem partido).<\/p>\n","protected":false},"author":2,"featured_media":23802,"comment_status":"open","ping_status":"open","sticky":false,"template":"","format":"standard","meta":{"om_disable_all_campaigns":false,"_monsterinsights_skip_tracking":false,"_monsterinsights_sitenote_active":false,"_monsterinsights_sitenote_note":"","_monsterinsights_sitenote_category":0,"footnotes":""},"categories":[34,70,69,21,19],"tags":[93,635,3578,199,61],"class_list":["post-23801","post","type-post","status-publish","format-standard","has-post-thumbnail","hentry","category-brasil","category-destaques","category-noticias2","category-politica","category-saude","tag-brasil","tag-ministerio-da-saude","tag-nelson-teich","tag-politica","tag-saude"],"aioseo_notices":[],"_links":{"self":[{"href":"https:\/\/www.portalalerta.com.br\/index.php\/wp-json\/wp\/v2\/posts\/23801","targetHints":{"allow":["GET"]}}],"collection":[{"href":"https:\/\/www.portalalerta.com.br\/index.php\/wp-json\/wp\/v2\/posts"}],"about":[{"href":"https:\/\/www.portalalerta.com.br\/index.php\/wp-json\/wp\/v2\/types\/post"}],"author":[{"embeddable":true,"href":"https:\/\/www.portalalerta.com.br\/index.php\/wp-json\/wp\/v2\/users\/2"}],"replies":[{"embeddable":true,"href":"https:\/\/www.portalalerta.com.br\/index.php\/wp-json\/wp\/v2\/comments?post=23801"}],"version-history":[{"count":1,"href":"https:\/\/www.portalalerta.com.br\/index.php\/wp-json\/wp\/v2\/posts\/23801\/revisions"}],"predecessor-version":[{"id":23803,"href":"https:\/\/www.portalalerta.com.br\/index.php\/wp-json\/wp\/v2\/posts\/23801\/revisions\/23803"}],"wp:featuredmedia":[{"embeddable":true,"href":"https:\/\/www.portalalerta.com.br\/index.php\/wp-json\/wp\/v2\/media\/23802"}],"wp:attachment":[{"href":"https:\/\/www.portalalerta.com.br\/index.php\/wp-json\/wp\/v2\/media?parent=23801"}],"wp:term":[{"taxonomy":"category","embeddable":true,"href":"https:\/\/www.portalalerta.com.br\/index.php\/wp-json\/wp\/v2\/categories?post=23801"},{"taxonomy":"post_tag","embeddable":true,"href":"https:\/\/www.portalalerta.com.br\/index.php\/wp-json\/wp\/v2\/tags?post=23801"}],"curies":[{"name":"wp","href":"https:\/\/api.w.org\/{rel}","templated":true}]}}