{"id":23810,"date":"2020-05-02T19:49:24","date_gmt":"2020-05-02T22:49:24","guid":{"rendered":"https:\/\/www.portalalerta.com.br\/?p=23810"},"modified":"2020-05-02T23:23:32","modified_gmt":"2020-05-03T02:23:32","slug":"prefeitura-de-cicero-dantas-ba-autoriza-reabertura-do-comercio-e-a-volta-da-feira-livre","status":"publish","type":"post","link":"https:\/\/www.portalalerta.com.br\/index.php\/2020\/05\/02\/prefeitura-de-cicero-dantas-ba-autoriza-reabertura-do-comercio-e-a-volta-da-feira-livre\/","title":{"rendered":"Prefeitura de C\u00edcero Dantas-BA autoriza reabertura do com\u00e9rcio e a volta da feira livre"},"content":{"rendered":"<p style=\"text-align: justify;\">Um decreto publicado nesta sexta-feira, 1\u00ba de maio de 2020, a Prefeitura Municipal de C\u00edcero Dantas-BA divulgou uma regulamenta\u00e7\u00e3o sobre o funcionamento do com\u00e9rcio em geral e dos \u00f3rg\u00e3os da administra\u00e7\u00e3o p\u00fablica Municipal.<!--more--><\/p>\n<p>Essa medida de abertura do com\u00e9rcio entre 04 a 10 de maio, foi tomada ap\u00f3s a CDL de C\u00edcero Dantas-BA, \u00f3rg\u00e3o que representa os comerciantes deste munic\u00edpio ter solicitado a abertura do com\u00e9rcio local em geral, e o comprometimento do com\u00e9rcio seguir todas as normas deste decreto no controle do combate e preven\u00e7\u00e3o ao Covid-19.<\/p>\n<p>A partir da pr\u00f3xima segunda, 04 de maio, torna obrigat\u00f3rio o uso de m\u00e1scara em todos os espa\u00e7os p\u00fablicos, e de estabelecimentos comerciais e de servi\u00e7os do munic\u00edpio de C\u00edcero Dantas. O decreto define que os estabelecimentos comerciais devem impedir as pessoas que estiverem sem m\u00e1scara de entrar em seus estabelecimentos.<\/p>\n<p>Outras normas que os estabelecimentos e os \u00f3rg\u00e3os da prefeitura devem seguirem \u00e9 afastar os funcion\u00e1rios do grupo de risco de suas atividades, exceto em home office e as gestantes n\u00e3o devem trabalhar em atendimento ao p\u00fablico.<\/p>\n<p><img fetchpriority=\"high\" decoding=\"async\" class=\"size-thumbnail wp-image-23589 aligncenter\" src=\"https:\/\/www.portalalerta.com.br\/wp-content\/uploads\/2020\/04\/real-acordo-720x93.jpg\" alt=\"\" width=\"720\" height=\"93\" \/>A prefeitura definiu que fica mantida a feira livre da pr\u00f3xima segunda-feira (4) e do pr\u00f3ximo s\u00e1bado (09). As barracas devem manter dist\u00e2ncia de 02 metros de dist\u00e2ncia uma das outras e s\u00f3 ser\u00e1 permitido as barracas dos feirantes locais.<\/p>\n<p>Segue proibida nesse mesmo per\u00edodo, as paradas de transportes interestadual, em decorr\u00eancia do grande fluxo de passageiros vindo de cidades com registro de casos confirmados do covid-19.<\/p>\n<p>O decreto autoriza tamb\u00e9m a abertura de academias, centros de gin\u00e1stica, dan\u00e7a, pilates, nata\u00e7\u00e3o e similares. Fica autorizado tamb\u00e9m a abertura de igrejas e templos religiosos nesse mesmo per\u00edodo ficando recomendado a restri\u00e7\u00e3o de pessoas do grupo de risco nesses locais.<\/p>\n<p>Os bares, restaurantes, lanchonetes e afins tamb\u00e9m est\u00e3o autorizados a abrirem, mas devem seguir algumas restri\u00e7\u00f5es , como n\u00e3o vender bebida alco\u00f3lica para ser consumida no mesmo local.<\/p>\n<p style=\"text-align: justify;\">Para ajudar na preven\u00e7\u00e3o, a Prefeitura Municipal de Cicero Dantas, atrav\u00e9s da Secretaria Municipal de Sa\u00fade vai realizar a instala\u00e7\u00e3o de lavat\u00f3rios, que ser\u00e3o colocadas em pontos estrat\u00e9gicos da cidade. Bancos, casa lot\u00e9rica, correspondentes banc\u00e1rios, feira livre, a\u00e7ougue contendo pias cada, onde\u00a0 a popula\u00e7\u00e3o cicerodantense, poder\u00e1 higienizar as m\u00e3os com \u00e1gua e detergente. A higieniza\u00e7\u00e3o correta das m\u00e3os \u00e9 uma das medidas mais simples e eficientes de preven\u00e7\u00e3o n\u00e3o s\u00f3 contra o coronav\u00edrus, mas tamb\u00e9m contra outros v\u00edrus e bact\u00e9rias.<\/p>\n<p style=\"text-align: justify;\">Assim como evitar aglomera\u00e7\u00f5es tanto em ambientes fechados quanto em \u00e1reas abertas<\/p>\n<p><em>Por:Cicero Dantas Acontece.Com<\/em><\/p>\n","protected":false},"excerpt":{"rendered":"<p>Um decreto publicado nesta sexta-feira, 1\u00ba de maio de 2020, a Prefeitura Municipal de C\u00edcero Dantas-BA divulgou uma regulamenta\u00e7\u00e3o sobre o funcionamento do com\u00e9rcio em geral e dos \u00f3rg\u00e3os da administra\u00e7\u00e3o p\u00fablica Municipal.<\/p>\n","protected":false},"author":2,"featured_media":23811,"comment_status":"open","ping_status":"open","sticky":false,"template":"","format":"standard","meta":{"om_disable_all_campaigns":false,"_monsterinsights_skip_tracking":false,"_monsterinsights_sitenote_active":false,"_monsterinsights_sitenote_note":"","_monsterinsights_sitenote_category":0,"footnotes":""},"categories":[4,70,69,21,32,19],"tags":[75,3429,3486,2991,108,61],"class_list":["post-23810","post","type-post","status-publish","format-standard","has-post-thumbnail","hentry","category-cicero-dantas","category-destaques","category-noticias2","category-politica","category-regiao","category-saude","tag-cicero-dantas","tag-coronavirus","tag-covid-19","tag-decreto-municipal","tag-estabelecimento-comercial","tag-saude"],"aioseo_notices":[],"_links":{"self":[{"href":"https:\/\/www.portalalerta.com.br\/index.php\/wp-json\/wp\/v2\/posts\/23810","targetHints":{"allow":["GET"]}}],"collection":[{"href":"https:\/\/www.portalalerta.com.br\/index.php\/wp-json\/wp\/v2\/posts"}],"about":[{"href":"https:\/\/www.portalalerta.com.br\/index.php\/wp-json\/wp\/v2\/types\/post"}],"author":[{"embeddable":true,"href":"https:\/\/www.portalalerta.com.br\/index.php\/wp-json\/wp\/v2\/users\/2"}],"replies":[{"embeddable":true,"href":"https:\/\/www.portalalerta.com.br\/index.php\/wp-json\/wp\/v2\/comments?post=23810"}],"version-history":[{"count":2,"href":"https:\/\/www.portalalerta.com.br\/index.php\/wp-json\/wp\/v2\/posts\/23810\/revisions"}],"predecessor-version":[{"id":23826,"href":"https:\/\/www.portalalerta.com.br\/index.php\/wp-json\/wp\/v2\/posts\/23810\/revisions\/23826"}],"wp:featuredmedia":[{"embeddable":true,"href":"https:\/\/www.portalalerta.com.br\/index.php\/wp-json\/wp\/v2\/media\/23811"}],"wp:attachment":[{"href":"https:\/\/www.portalalerta.com.br\/index.php\/wp-json\/wp\/v2\/media?parent=23810"}],"wp:term":[{"taxonomy":"category","embeddable":true,"href":"https:\/\/www.portalalerta.com.br\/index.php\/wp-json\/wp\/v2\/categories?post=23810"},{"taxonomy":"post_tag","embeddable":true,"href":"https:\/\/www.portalalerta.com.br\/index.php\/wp-json\/wp\/v2\/tags?post=23810"}],"curies":[{"name":"wp","href":"https:\/\/api.w.org\/{rel}","templated":true}]}}