{"id":23813,"date":"2020-05-02T22:38:14","date_gmt":"2020-05-03T01:38:14","guid":{"rendered":"https:\/\/www.portalalerta.com.br\/?p=23813"},"modified":"2020-05-02T22:38:14","modified_gmt":"2020-05-03T01:38:14","slug":"coronavirus-trf-3-suspende-ordem-que-obriga-bolsonaro-a-entregar-exames","status":"publish","type":"post","link":"https:\/\/www.portalalerta.com.br\/index.php\/2020\/05\/02\/coronavirus-trf-3-suspende-ordem-que-obriga-bolsonaro-a-entregar-exames\/","title":{"rendered":"Coronav\u00edrus: TRF-3 suspende ordem que obriga Bolsonaro a entregar exames"},"content":{"rendered":"<p style=\"text-align: justify;\">O TRF-3 (Tribunal Regional Federal da 3\u00aa Regi\u00e3o) suspendeu a ordem que obriga a AGU (Acvocacia Geral da Uni\u00e3o) a entregar at\u00e9 este s\u00e1bado (2) os laudos de exames do\u00a0presidente Jair Bolsonaro\u00a0(sem partido)\u00a0sobre o coronav\u00edrus.<!--more--><\/p>\n<p style=\"text-align: justify;\">Monica Nobre, desembargadora, atendeu a um recurso da AGU e fixou prazo de at\u00e9 cinco dias para que haja an\u00e1lise do caso e aconte\u00e7a a defini\u00e7\u00e3o sobre a entrega ou n\u00e3o dos exames.<\/p>\n<p style=\"text-align: justify;\"><img fetchpriority=\"high\" decoding=\"async\" class=\"size-thumbnail wp-image-9394 alignleft\" src=\"https:\/\/www.portalalerta.com.br\/wp-content\/uploads\/2018\/07\/05elab-320x240.jpg\" alt=\"\" width=\"320\" height=\"240\" srcset=\"https:\/\/www.portalalerta.com.br\/wp-content\/uploads\/2018\/07\/05elab-320x240.jpg 320w, https:\/\/www.portalalerta.com.br\/wp-content\/uploads\/2018\/07\/05elab-195x146.jpg 195w, https:\/\/www.portalalerta.com.br\/wp-content\/uploads\/2018\/07\/05elab-50x38.jpg 50w, https:\/\/www.portalalerta.com.br\/wp-content\/uploads\/2018\/07\/05elab-100x75.jpg 100w, https:\/\/www.portalalerta.com.br\/wp-content\/uploads\/2018\/07\/05elab.jpg 400w\" sizes=\"(max-width: 320px) 100vw, 320px\" \/>Como Nobre atuou no plant\u00e3o o prazo determinado \u00e9 para que o relator original, Carlos Muta possa decidir sobre a entrega dos exames.<\/p>\n<p style=\"text-align: justify;\">Na quinta-feira anterior (30), a ju\u00edza federal Ana L\u00facia Petri Betto, na da 14\u00aa Vara C\u00edvel Federal de S\u00e3o Paulo, determinou que a Advocacia Geral da Uni\u00e3o forne\u00e7a os laudos de todos os exames feitos por Bolsonaro sobre o coronav\u00edrus.<\/p>\n<p style=\"text-align: justify;\">\u00a0O presidente Jair Bolsonaro j\u00e1 havia informado em entrevista \u00e0 R\u00e1dio Gua\u00edba, que &#8220;talvez&#8221; j\u00e1 pode ter sido infectado pelo novo coronav\u00edrus, em um momento em que ele tem sido questionado judicialmente a divulgar o laudo com o resultado do exame &#8211;ele disse publicamente que os dois testes que fez deram negativo.<\/p>\n<p style=\"text-align: justify;\">Na entrevista, o presidente disse que ordenou que a Advocacia-Geral da Uni\u00e3o recorra da decis\u00e3o judicial de primeira inst\u00e2ncia que ordenou a entrega do resultado do exame. &#8220;N\u00e3o cabe \u00e0 Justi\u00e7a se intrometer nessa quest\u00e3o&#8221;, criticou ele, ao acrescentar que, se no final a Justi\u00e7a determinar a entrega do documento, ele vai cumprir a ordem.<\/p>\n<p style=\"text-align: justify;\"><em>Fonte: Yahoo Not\u00edcias<\/em><\/p>\n","protected":false},"excerpt":{"rendered":"<p>O TRF-3 (Tribunal Regional Federal da 3\u00aa Regi\u00e3o) suspendeu a ordem que obriga a AGU (Acvocacia Geral da Uni\u00e3o) a entregar at\u00e9 este s\u00e1bado (2) os laudos de exames do\u00a0presidente Jair Bolsonaro\u00a0(sem partido)\u00a0sobre o coronav\u00edrus.<\/p>\n","protected":false},"author":2,"featured_media":22796,"comment_status":"open","ping_status":"open","sticky":false,"template":"","format":"standard","meta":{"om_disable_all_campaigns":false,"_monsterinsights_skip_tracking":false,"_monsterinsights_sitenote_active":false,"_monsterinsights_sitenote_note":"","_monsterinsights_sitenote_category":0,"footnotes":""},"categories":[34,70,69,21,19],"tags":[93,3429,3486,1463,1395,270,61,484],"class_list":["post-23813","post","type-post","status-publish","format-standard","has-post-thumbnail","hentry","category-brasil","category-destaques","category-noticias2","category-politica","category-saude","tag-brasil","tag-coronavirus","tag-covid-19","tag-exame","tag-jair-bolsonaro","tag-justica","tag-saude","tag-trf"],"aioseo_notices":[],"_links":{"self":[{"href":"https:\/\/www.portalalerta.com.br\/index.php\/wp-json\/wp\/v2\/posts\/23813","targetHints":{"allow":["GET"]}}],"collection":[{"href":"https:\/\/www.portalalerta.com.br\/index.php\/wp-json\/wp\/v2\/posts"}],"about":[{"href":"https:\/\/www.portalalerta.com.br\/index.php\/wp-json\/wp\/v2\/types\/post"}],"author":[{"embeddable":true,"href":"https:\/\/www.portalalerta.com.br\/index.php\/wp-json\/wp\/v2\/users\/2"}],"replies":[{"embeddable":true,"href":"https:\/\/www.portalalerta.com.br\/index.php\/wp-json\/wp\/v2\/comments?post=23813"}],"version-history":[{"count":1,"href":"https:\/\/www.portalalerta.com.br\/index.php\/wp-json\/wp\/v2\/posts\/23813\/revisions"}],"predecessor-version":[{"id":23814,"href":"https:\/\/www.portalalerta.com.br\/index.php\/wp-json\/wp\/v2\/posts\/23813\/revisions\/23814"}],"wp:featuredmedia":[{"embeddable":true,"href":"https:\/\/www.portalalerta.com.br\/index.php\/wp-json\/wp\/v2\/media\/22796"}],"wp:attachment":[{"href":"https:\/\/www.portalalerta.com.br\/index.php\/wp-json\/wp\/v2\/media?parent=23813"}],"wp:term":[{"taxonomy":"category","embeddable":true,"href":"https:\/\/www.portalalerta.com.br\/index.php\/wp-json\/wp\/v2\/categories?post=23813"},{"taxonomy":"post_tag","embeddable":true,"href":"https:\/\/www.portalalerta.com.br\/index.php\/wp-json\/wp\/v2\/tags?post=23813"}],"curies":[{"name":"wp","href":"https:\/\/api.w.org\/{rel}","templated":true}]}}