{"id":23815,"date":"2020-05-02T22:39:37","date_gmt":"2020-05-03T01:39:37","guid":{"rendered":"https:\/\/www.portalalerta.com.br\/?p=23815"},"modified":"2020-05-02T22:39:37","modified_gmt":"2020-05-03T01:39:37","slug":"prefeitura-de-alagoinhas-ba-determina-restricoes-na-entrada-de-pessoas-na-cidade","status":"publish","type":"post","link":"https:\/\/www.portalalerta.com.br\/index.php\/2020\/05\/02\/prefeitura-de-alagoinhas-ba-determina-restricoes-na-entrada-de-pessoas-na-cidade\/","title":{"rendered":"Prefeitura de Alagoinhas -BA determina restri\u00e7\u00f5es na entrada de pessoas na cidade"},"content":{"rendered":"<p style=\"text-align: justify;\">A prefeitura da cidade de Alagoinhas-BA, determinou nesta sexta-feira, 1\u00ba, a restri\u00e7\u00e3o na entrada de pessoas no munic\u00edpio. A medida valer\u00e1 a partir das 8h de segunda (4).<!--more--><\/p>\n<p style=\"text-align: justify;\">A determina\u00e7\u00e3o da prefeitura estabelece que apenas moradores e pessoas que trabalhem em Alagoinhas podem entrar na cidade. Com isso, ser\u00e1 necess\u00e1ria a apresenta\u00e7\u00e3o de comprovante de resid\u00eancia ou de v\u00ednculo trabalhista no munic\u00edpio.<\/p>\n<p style=\"text-align: justify;\"><img fetchpriority=\"high\" decoding=\"async\" class=\"size-thumbnail wp-image-4869 aligncenter\" src=\"https:\/\/www.portalalerta.com.br\/wp-content\/uploads\/2018\/02\/Auto-Escola-Nobre-720x181.jpg\" alt=\"\" width=\"720\" height=\"181\" srcset=\"https:\/\/www.portalalerta.com.br\/wp-content\/uploads\/2018\/02\/Auto-Escola-Nobre.jpg 720w, https:\/\/www.portalalerta.com.br\/wp-content\/uploads\/2018\/02\/Auto-Escola-Nobre-260x65.jpg 260w, https:\/\/www.portalalerta.com.br\/wp-content\/uploads\/2018\/02\/Auto-Escola-Nobre-50x13.jpg 50w, https:\/\/www.portalalerta.com.br\/wp-content\/uploads\/2018\/02\/Auto-Escola-Nobre-150x38.jpg 150w\" sizes=\"(max-width: 720px) 100vw, 720px\" \/>Barreiras de fiscaliza\u00e7\u00e3o ser\u00e3o instaladas nas duas entradas da cidade, para que haja o controle de quem entra em Alagoinhas. A prefeitura detalhou ainda que essas barreiras tamb\u00e9m ser\u00e3o sanit\u00e1rias e profissionais ir\u00e3o medir a temperatura das pessoas e fazer avalia\u00e7\u00e3o do hist\u00f3rico de sa\u00fade.<\/p>\n<p style=\"text-align: justify;\">At\u00e9 a publica\u00e7\u00e3o desta reportagem, a cidade de Alagoinhas tem oito casos confirmados da doen\u00e7a, sendo que cinco desses casos j\u00e1 s\u00e3o considerados curados. Das tr\u00eas pessoas que ainda est\u00e3o contaminadas, uma pessoa est\u00e1 internada em Salvador e as outras duas est\u00e3o em isolamento domiciliar na cidade.<\/p>\n<p style=\"text-align: justify;\"><em>Fonte: Itapicuru Not\u00edcias<\/em><\/p>\n","protected":false},"excerpt":{"rendered":"<p>A prefeitura da cidade de Alagoinhas-BA, determinou nesta sexta-feira, 1\u00ba, a restri\u00e7\u00e3o na entrada de pessoas no munic\u00edpio. A medida valer\u00e1 a partir das 8h de segunda (4).<\/p>\n","protected":false},"author":2,"featured_media":23817,"comment_status":"open","ping_status":"open","sticky":false,"template":"","format":"standard","meta":{"om_disable_all_campaigns":false,"_monsterinsights_skip_tracking":false,"_monsterinsights_sitenote_active":false,"_monsterinsights_sitenote_note":"","_monsterinsights_sitenote_category":0,"footnotes":""},"categories":[33,70,69,19],"tags":[177,54,588,3429,3486,61],"class_list":["post-23815","post","type-post","status-publish","format-standard","has-post-thumbnail","hentry","category-bahia","category-destaques","category-noticias2","category-saude","tag-alagoinhas","tag-bahia","tag-barreiras","tag-coronavirus","tag-covid-19","tag-saude"],"aioseo_notices":[],"_links":{"self":[{"href":"https:\/\/www.portalalerta.com.br\/index.php\/wp-json\/wp\/v2\/posts\/23815","targetHints":{"allow":["GET"]}}],"collection":[{"href":"https:\/\/www.portalalerta.com.br\/index.php\/wp-json\/wp\/v2\/posts"}],"about":[{"href":"https:\/\/www.portalalerta.com.br\/index.php\/wp-json\/wp\/v2\/types\/post"}],"author":[{"embeddable":true,"href":"https:\/\/www.portalalerta.com.br\/index.php\/wp-json\/wp\/v2\/users\/2"}],"replies":[{"embeddable":true,"href":"https:\/\/www.portalalerta.com.br\/index.php\/wp-json\/wp\/v2\/comments?post=23815"}],"version-history":[{"count":1,"href":"https:\/\/www.portalalerta.com.br\/index.php\/wp-json\/wp\/v2\/posts\/23815\/revisions"}],"predecessor-version":[{"id":23818,"href":"https:\/\/www.portalalerta.com.br\/index.php\/wp-json\/wp\/v2\/posts\/23815\/revisions\/23818"}],"wp:featuredmedia":[{"embeddable":true,"href":"https:\/\/www.portalalerta.com.br\/index.php\/wp-json\/wp\/v2\/media\/23817"}],"wp:attachment":[{"href":"https:\/\/www.portalalerta.com.br\/index.php\/wp-json\/wp\/v2\/media?parent=23815"}],"wp:term":[{"taxonomy":"category","embeddable":true,"href":"https:\/\/www.portalalerta.com.br\/index.php\/wp-json\/wp\/v2\/categories?post=23815"},{"taxonomy":"post_tag","embeddable":true,"href":"https:\/\/www.portalalerta.com.br\/index.php\/wp-json\/wp\/v2\/tags?post=23815"}],"curies":[{"name":"wp","href":"https:\/\/api.w.org\/{rel}","templated":true}]}}