{"id":23819,"date":"2020-05-02T22:45:42","date_gmt":"2020-05-03T01:45:42","guid":{"rendered":"https:\/\/www.portalalerta.com.br\/?p=23819"},"modified":"2020-05-02T22:45:42","modified_gmt":"2020-05-03T01:45:42","slug":"coronavirus-brasil-tem-6-750-mortes-e-96-599-casos-confirmados-diz-ministerio-da-saude","status":"publish","type":"post","link":"https:\/\/www.portalalerta.com.br\/index.php\/2020\/05\/02\/coronavirus-brasil-tem-6-750-mortes-e-96-599-casos-confirmados-diz-ministerio-da-saude\/","title":{"rendered":"Coronav\u00edrus: Brasil tem 6.750 mortes e 96.599 casos confirmados, diz Minist\u00e9rio da Sa\u00fade"},"content":{"rendered":"<p style=\"text-align: justify;\">O Minist\u00e9rio da Sa\u00fade atualizou para 6.750 o n\u00famero de mortes em decorr\u00eancia do\u00a0novo coronav\u00edrus\u00a0no Brasil neste s\u00e1bado (2). Ao todo, tamb\u00e9m foram confirmados 96.599 casos da\u00a0Covid-19\u00a0no pa\u00eds.<!--more--><\/p>\n<p style=\"text-align: justify;\">Em rela\u00e7\u00e3o ao boletim divulgado na sexta-feira (1\u00ba), o Brasil registrou novos 421 \u00f3bitos e 5.010 casos confirmados nas \u00faltimas 24 horas.<\/p>\n<p style=\"text-align: justify;\">Nos \u00faltimos dias, o minist\u00e9rio &#8211; agora comandado por Nelson Teich &#8211; tem evitado divulgar dados negativos em rela\u00e7\u00e3o \u00e0 pandemia, retirando dados que traziam alerta para o avan\u00e7o da doen\u00e7a, como a classifica\u00e7\u00e3o da incid\u00eancia de\u00a0casos em estados e capitais\u00a0em par\u00e2metros de emerg\u00eancia, aten\u00e7\u00e3o e alerta.<\/p>\n<p style=\"text-align: justify;\"><img fetchpriority=\"high\" decoding=\"async\" class=\"size-thumbnail wp-image-23589 aligncenter\" src=\"https:\/\/www.portalalerta.com.br\/wp-content\/uploads\/2020\/04\/real-acordo-720x93.jpg\" alt=\"\" width=\"720\" height=\"93\" \/>O Brasil confirmou o primeiro caso de Covid-19 em 26 de fevereiro. Um homem de 61 anos de S\u00e3o Paulo contraiu o coronav\u00edrus em viagem \u00e0 It\u00e1lia, que tem alta taxa de casos da doen\u00e7a.<\/p>\n<p style=\"text-align: justify;\">A primeira morte foi confirmada 20 dias depois, em 17 de mar\u00e7o. O paciente era um homem de 62 anos que tinha diabetes e hipertens\u00e3o. Ele estava internado na UTI do Hospital Sancta Maggiore Para\u00edso desde o dia 14 e morreu no dia 16. Ele n\u00e3o tinha hist\u00f3rico de viagem para o exterior.<\/p>\n<p style=\"text-align: justify;\"><em>Fonte: Yahoo Not\u00edcias<\/em><\/p>\n","protected":false},"excerpt":{"rendered":"<p>O Minist\u00e9rio da Sa\u00fade atualizou para 6.750 o n\u00famero de mortes em decorr\u00eancia do\u00a0novo coronav\u00edrus\u00a0no Brasil neste s\u00e1bado (2). Ao todo, tamb\u00e9m foram confirmados 96.599 casos da\u00a0Covid-19\u00a0no pa\u00eds.<\/p>\n","protected":false},"author":2,"featured_media":22081,"comment_status":"open","ping_status":"open","sticky":false,"template":"","format":"standard","meta":{"om_disable_all_campaigns":false,"_monsterinsights_skip_tracking":false,"_monsterinsights_sitenote_active":false,"_monsterinsights_sitenote_note":"","_monsterinsights_sitenote_category":0,"footnotes":""},"categories":[34,70,69,19],"tags":[93,3429,3486,3560,635,439,61],"class_list":["post-23819","post","type-post","status-publish","format-standard","has-post-thumbnail","hentry","category-brasil","category-destaques","category-noticias2","category-saude","tag-brasil","tag-coronavirus","tag-covid-19","tag-infectados","tag-ministerio-da-saude","tag-mortes","tag-saude"],"aioseo_notices":[],"_links":{"self":[{"href":"https:\/\/www.portalalerta.com.br\/index.php\/wp-json\/wp\/v2\/posts\/23819","targetHints":{"allow":["GET"]}}],"collection":[{"href":"https:\/\/www.portalalerta.com.br\/index.php\/wp-json\/wp\/v2\/posts"}],"about":[{"href":"https:\/\/www.portalalerta.com.br\/index.php\/wp-json\/wp\/v2\/types\/post"}],"author":[{"embeddable":true,"href":"https:\/\/www.portalalerta.com.br\/index.php\/wp-json\/wp\/v2\/users\/2"}],"replies":[{"embeddable":true,"href":"https:\/\/www.portalalerta.com.br\/index.php\/wp-json\/wp\/v2\/comments?post=23819"}],"version-history":[{"count":1,"href":"https:\/\/www.portalalerta.com.br\/index.php\/wp-json\/wp\/v2\/posts\/23819\/revisions"}],"predecessor-version":[{"id":23820,"href":"https:\/\/www.portalalerta.com.br\/index.php\/wp-json\/wp\/v2\/posts\/23819\/revisions\/23820"}],"wp:featuredmedia":[{"embeddable":true,"href":"https:\/\/www.portalalerta.com.br\/index.php\/wp-json\/wp\/v2\/media\/22081"}],"wp:attachment":[{"href":"https:\/\/www.portalalerta.com.br\/index.php\/wp-json\/wp\/v2\/media?parent=23819"}],"wp:term":[{"taxonomy":"category","embeddable":true,"href":"https:\/\/www.portalalerta.com.br\/index.php\/wp-json\/wp\/v2\/categories?post=23819"},{"taxonomy":"post_tag","embeddable":true,"href":"https:\/\/www.portalalerta.com.br\/index.php\/wp-json\/wp\/v2\/tags?post=23819"}],"curies":[{"name":"wp","href":"https:\/\/api.w.org\/{rel}","templated":true}]}}