{"id":23821,"date":"2020-05-02T22:49:14","date_gmt":"2020-05-03T01:49:14","guid":{"rendered":"https:\/\/www.portalalerta.com.br\/?p=23821"},"modified":"2020-05-02T23:22:40","modified_gmt":"2020-05-03T02:22:40","slug":"boletim-epidemiologico-do-governo-do-estado-omite-morte-por-covid-19-registrada-em-ribeira-do-pombal-ba","status":"publish","type":"post","link":"https:\/\/www.portalalerta.com.br\/index.php\/2020\/05\/02\/boletim-epidemiologico-do-governo-do-estado-omite-morte-por-covid-19-registrada-em-ribeira-do-pombal-ba\/","title":{"rendered":"Boletim Epidemiol\u00f3gico do Governo do Estado, omite morte por Covid-19 registrada em Ribeira do Pombal-BA"},"content":{"rendered":"<p style=\"text-align: justify;\">O \u00faltimo Boletim Epidemiol\u00f3gico, divulgado pelo Governo do Estado da Bahia, \u00e0s 17:38hs deste s\u00e1bado, 02, apontou que a Bahia registrou 3.315 casos confirmados de Covid-19 (Coronav\u00edrus), sendo que 727 j\u00e1 se recuperaram, e 123 morreram.<!--more--><\/p>\n<p style=\"text-align: justify;\"><img fetchpriority=\"high\" decoding=\"async\" class=\"size-full wp-image-2902 alignleft\" src=\"https:\/\/www.portalalerta.com.br\/wp-content\/uploads\/2017\/11\/elab-2.jpg\" alt=\"\" width=\"310\" height=\"200\" srcset=\"https:\/\/www.portalalerta.com.br\/wp-content\/uploads\/2017\/11\/elab-2.jpg 310w, https:\/\/www.portalalerta.com.br\/wp-content\/uploads\/2017\/11\/elab-2-226x146.jpg 226w, https:\/\/www.portalalerta.com.br\/wp-content\/uploads\/2017\/11\/elab-2-50x32.jpg 50w, https:\/\/www.portalalerta.com.br\/wp-content\/uploads\/2017\/11\/elab-2-116x75.jpg 116w\" sizes=\"(max-width: 310px) 100vw, 310px\" \/>Al\u00e9m destes dados, foi divulgado que foram descartados 7.930 dos 14.917 casos notificados. 44% dos leitos separados para atendimento a pacientes com Covid-19 est\u00e3o ocupados. J\u00e1 com rela\u00e7\u00e3o a taxa de ocupa\u00e7\u00e3o das UTI\u2019s, este n\u00famero sobe para 53%.<\/p>\n<p style=\"text-align: justify;\">Os munic\u00edpios com registro de \u00f3bitos s\u00e3o: Adustina (1); \u00c1gua Fria (1); Araci (1); Belmonte (1); Buerarema (1); Cama\u00e7ari (1) ; Capim Grosso (1); Catu* (1); Feira de Santana (1); Gongogi (2); Ilh\u00e9us (5); Ipia\u00fa (1); Itabuna (5); Itagib\u00e1 (1); Itap\u00e9 (1); Itapetinga (2); Jequi\u00e9 (1); Juazeiro (1); Lauro de Freitas (5); Mara\u00fa (1); Nilo Pe\u00e7anha (1); Salvador (78); S\u00e3o Francisco do Conde (1); Ubaitaba (1); Uru\u00e7uca (4); Utinga (1); Vit\u00f3ria da Conquista (3).<\/p>\n<p style=\"text-align: justify;\">Desta forma, fica claro, que o referido Boletim omitiu o \u00f3bito registrado em Ribeira do Pombal-BA, <a href=\"https:\/\/www.portalalerta.com.br\/index.php\/2020\/04\/30\/idoso-que-morreu-em-hospital-de-ribeira-do-pombal-ba-estava-com-suspeita-de-covid-19\/\"><strong>ocorrido no \u00faltimo dia 29<\/strong><\/a>, por\u00e9m confirmado para Covid-19, <a href=\"https:\/\/www.portalalerta.com.br\/index.php\/2020\/05\/01\/confirmado-covid-19-para-idoso-que-morreu-em-hospital-de-ribeira-do-pombal-ba1\/\"><strong>no \u00faltimo dia 1\u00ba<\/strong><\/a>. Vale ressaltar que numa tabela divulgada no Boletim, mostra o caso do idoso confirmado para a doen\u00e7a, por\u00e9m apenas a morte n\u00e3o foi divulgada, o que mostra uma subnotifica\u00e7\u00e3o, <strong>Confira abaixo:<\/strong><\/p>\n<p style=\"text-align: justify;\"><img decoding=\"async\" class=\"aligncenter wp-image-23822 size-full\" src=\"https:\/\/www.portalalerta.com.br\/wp-content\/uploads\/2020\/05\/coronavirus-em-Ribeira-do-Pombal.1.jpg\" alt=\"\" width=\"600\" height=\"800\" srcset=\"https:\/\/www.portalalerta.com.br\/wp-content\/uploads\/2020\/05\/coronavirus-em-Ribeira-do-Pombal.1.jpg 600w, https:\/\/www.portalalerta.com.br\/wp-content\/uploads\/2020\/05\/coronavirus-em-Ribeira-do-Pombal.1-180x240.jpg 180w, https:\/\/www.portalalerta.com.br\/wp-content\/uploads\/2020\/05\/coronavirus-em-Ribeira-do-Pombal.1-110x146.jpg 110w, https:\/\/www.portalalerta.com.br\/wp-content\/uploads\/2020\/05\/coronavirus-em-Ribeira-do-Pombal.1-38x50.jpg 38w, https:\/\/www.portalalerta.com.br\/wp-content\/uploads\/2020\/05\/coronavirus-em-Ribeira-do-Pombal.1-56x75.jpg 56w\" sizes=\"(max-width: 600px) 100vw, 600px\" \/><a href=\"http:\/\/www.saude.ba.gov.br\/wp-content\/uploads\/2020\/05\/BOLETIM_ELETRONICO_N_37___02052020-1.pdf\"><strong>Clique aqui e veja o documento completo<\/strong><\/a><\/p>\n<p style=\"text-align: justify;\">O PORTAL ALERTA entrou em contato com um Canal direto do Governo do Estado, sendo informado que possivelmente estes dados dever\u00e3o ser constados nos pr\u00f3ximos boletins, e que certamente n\u00e3o foram publicados ainda por quest\u00f5es de <strong>\u201cCONFIRMA\u00c7\u00c3O E ATUALIZA\u00c7\u00c3O\u201d<\/strong>, n\u00e3o entrando em mais detalhes.<\/p>\n<p style=\"text-align: justify;\">O \u00faltimo Boletim divulgado pelo Munic\u00edpio de Ribeira do Pombal-BA, consta al\u00e9m dos dois casos confirmados, 05 suspeitos, e 286 pessoas em monitoramento.<\/p>\n<p style=\"text-align: justify;\"><em>Reda\u00e7\u00e3o: Portal Alerta<\/em><\/p>\n<p style=\"text-align: justify;\"><strong><em>#fiqueemcasa<\/em><\/strong><\/p>\n","protected":false},"excerpt":{"rendered":"<p>O \u00faltimo Boletim Epidemiol\u00f3gico, divulgado pelo Governo do Estado da Bahia, \u00e0s 17:38hs deste s\u00e1bado, 02, apontou que a Bahia registrou 3.315 casos confirmados de Covid-19 (Coronav\u00edrus), sendo que 727 j\u00e1 se recuperaram, e 123 morreram.<\/p>\n","protected":false},"author":2,"featured_media":3952,"comment_status":"open","ping_status":"open","sticky":false,"template":"","format":"standard","meta":{"om_disable_all_campaigns":false,"_monsterinsights_skip_tracking":false,"_monsterinsights_sitenote_active":false,"_monsterinsights_sitenote_note":"","_monsterinsights_sitenote_category":0,"footnotes":""},"categories":[40,41,33,70,69,32,3,19],"tags":[54,3516,3429,3486,912,439,61,1024],"class_list":["post-23821","post","type-post","status-publish","format-standard","has-post-thumbnail","hentry","category-adustina","category-araci","category-bahia","category-destaques","category-noticias2","category-regiao","category-ribeira-do-pombal","category-saude","tag-bahia","tag-boletim","tag-coronavirus","tag-covid-19","tag-governo-da-bahia","tag-mortes","tag-saude","tag-sesab"],"aioseo_notices":[],"_links":{"self":[{"href":"https:\/\/www.portalalerta.com.br\/index.php\/wp-json\/wp\/v2\/posts\/23821","targetHints":{"allow":["GET"]}}],"collection":[{"href":"https:\/\/www.portalalerta.com.br\/index.php\/wp-json\/wp\/v2\/posts"}],"about":[{"href":"https:\/\/www.portalalerta.com.br\/index.php\/wp-json\/wp\/v2\/types\/post"}],"author":[{"embeddable":true,"href":"https:\/\/www.portalalerta.com.br\/index.php\/wp-json\/wp\/v2\/users\/2"}],"replies":[{"embeddable":true,"href":"https:\/\/www.portalalerta.com.br\/index.php\/wp-json\/wp\/v2\/comments?post=23821"}],"version-history":[{"count":3,"href":"https:\/\/www.portalalerta.com.br\/index.php\/wp-json\/wp\/v2\/posts\/23821\/revisions"}],"predecessor-version":[{"id":23825,"href":"https:\/\/www.portalalerta.com.br\/index.php\/wp-json\/wp\/v2\/posts\/23821\/revisions\/23825"}],"wp:featuredmedia":[{"embeddable":true,"href":"https:\/\/www.portalalerta.com.br\/index.php\/wp-json\/wp\/v2\/media\/3952"}],"wp:attachment":[{"href":"https:\/\/www.portalalerta.com.br\/index.php\/wp-json\/wp\/v2\/media?parent=23821"}],"wp:term":[{"taxonomy":"category","embeddable":true,"href":"https:\/\/www.portalalerta.com.br\/index.php\/wp-json\/wp\/v2\/categories?post=23821"},{"taxonomy":"post_tag","embeddable":true,"href":"https:\/\/www.portalalerta.com.br\/index.php\/wp-json\/wp\/v2\/tags?post=23821"}],"curies":[{"name":"wp","href":"https:\/\/api.w.org\/{rel}","templated":true}]}}