{"id":23828,"date":"2020-05-03T14:32:16","date_gmt":"2020-05-03T17:32:16","guid":{"rendered":"https:\/\/www.portalalerta.com.br\/?p=23828"},"modified":"2020-05-03T14:53:10","modified_gmt":"2020-05-03T17:53:10","slug":"exclusivo-homem-acusado-de-atear-fogo-em-viatura-policial-em-ribeira-do-amparo-ba-e-assassinado-na-recepcao-de-hospital-em-tucano-ba","status":"publish","type":"post","link":"https:\/\/www.portalalerta.com.br\/index.php\/2020\/05\/03\/exclusivo-homem-acusado-de-atear-fogo-em-viatura-policial-em-ribeira-do-amparo-ba-e-assassinado-na-recepcao-de-hospital-em-tucano-ba\/","title":{"rendered":"Exclusivo: Homem acusado de atear fogo em viatura policial em Ribeira do Amparo-BA, \u00e9 assassinado na recep\u00e7\u00e3o de Hospital em Tucano-BA"},"content":{"rendered":"<p style=\"text-align: justify;\">O munic\u00edpio de Tucano-BA voltou a registrar mais um assassinato. Desta vez o crime ocorreu no in\u00edcio da tarde de domingo, 03, na recep\u00e7\u00e3o do Hospital Municipal Mariana Penedo, no referido munic\u00edpio.<!--more--><\/p>\n<p style=\"text-align: justify;\">De acordo com informa\u00e7\u00f5es preliminares, a v\u00edtima foi identificada como Jason Concei\u00e7\u00e3o de Jesus, e tinha acabado de ser liberada do Complexo Policial de Euclides da Cunha-BA, onde estava preso por ter ateado fogo numa viatura da Pol\u00edcia Militar de Ribeira do Amparo-BA, fato ocorrido no dia 30 de abril do corrente ano. <a href=\"https:\/\/www.portalalerta.com.br\/index.php\/2020\/05\/01\/homem-e-preso-apos-atear-fogo-em-viatura-da-policia-militar-de-ribeira-do-amparo-ba-veiculo-ficou-parcialmente-destruido\/\"><strong>Relembre<\/strong><\/a><\/p>\n<p style=\"text-align: justify;\"><img fetchpriority=\"high\" decoding=\"async\" class=\"size-thumbnail wp-image-4869 aligncenter\" src=\"https:\/\/www.portalalerta.com.br\/wp-content\/uploads\/2018\/02\/Auto-Escola-Nobre-720x181.jpg\" alt=\"\" width=\"720\" height=\"181\" srcset=\"https:\/\/www.portalalerta.com.br\/wp-content\/uploads\/2018\/02\/Auto-Escola-Nobre.jpg 720w, https:\/\/www.portalalerta.com.br\/wp-content\/uploads\/2018\/02\/Auto-Escola-Nobre-260x65.jpg 260w, https:\/\/www.portalalerta.com.br\/wp-content\/uploads\/2018\/02\/Auto-Escola-Nobre-50x13.jpg 50w, https:\/\/www.portalalerta.com.br\/wp-content\/uploads\/2018\/02\/Auto-Escola-Nobre-150x38.jpg 150w\" sizes=\"(max-width: 720px) 100vw, 720px\" \/>Ainda de acordo com informa\u00e7\u00f5es preliminares, dois homens a bordo de uma motocicleta, demais dados n\u00e3o informados, chegaram ao Hospital, portando arma de fogo, efetuando cerca de sete disparos, que alvejaram a v\u00edtima.<\/p>\n<figure id=\"attachment_23830\" aria-describedby=\"caption-attachment-23830\" style=\"width: 500px\" class=\"wp-caption aligncenter\"><img decoding=\"async\" class=\"wp-image-23830 size-full\" src=\"https:\/\/www.portalalerta.com.br\/wp-content\/uploads\/2020\/05\/homic\u00eddio-em-Tucano-2020.6.jpeg\" alt=\"\" width=\"500\" height=\"350\" srcset=\"https:\/\/www.portalalerta.com.br\/wp-content\/uploads\/2020\/05\/homic\u00eddio-em-Tucano-2020.6.jpeg 500w, https:\/\/www.portalalerta.com.br\/wp-content\/uploads\/2020\/05\/homic\u00eddio-em-Tucano-2020.6-343x240.jpeg 343w, https:\/\/www.portalalerta.com.br\/wp-content\/uploads\/2020\/05\/homic\u00eddio-em-Tucano-2020.6-209x146.jpeg 209w, https:\/\/www.portalalerta.com.br\/wp-content\/uploads\/2020\/05\/homic\u00eddio-em-Tucano-2020.6-50x35.jpeg 50w, https:\/\/www.portalalerta.com.br\/wp-content\/uploads\/2020\/05\/homic\u00eddio-em-Tucano-2020.6-107x75.jpeg 107w\" sizes=\"(max-width: 500px) 100vw, 500px\" \/><figcaption id=\"caption-attachment-23830\" class=\"wp-caption-text\">Jason foi assassinado em Tucano-BA<\/figcaption><\/figure>\n<p style=\"text-align: justify;\">Desta forma, este j\u00e1 o quarto homic\u00eddio ocorrido no munic\u00edpio apenas neste final de semana, e o sexto do ano.<\/p>\n<p style=\"text-align: justify;\">O caso dever\u00e1 ser investigado pela Pol\u00edcia Civil local.<\/p>\n<p style=\"text-align: justify;\"><em>Reda\u00e7\u00e3o: Portal Alerta<\/em><\/p>\n<p style=\"text-align: justify;\"><strong><em>#fiqueemcasa<\/em><\/strong><\/p>\n","protected":false},"excerpt":{"rendered":"<p>O munic\u00edpio de Tucano-BA voltou a registrar mais um assassinato. Desta vez o crime ocorreu no in\u00edcio da tarde de domingo, 03, na recep\u00e7\u00e3o do Hospital Municipal Mariana Penedo, no referido munic\u00edpio.<\/p>\n","protected":false},"author":2,"featured_media":12118,"comment_status":"open","ping_status":"open","sticky":false,"template":"","format":"standard","meta":{"om_disable_all_campaigns":false,"_monsterinsights_skip_tracking":false,"_monsterinsights_sitenote_active":false,"_monsterinsights_sitenote_note":"","_monsterinsights_sitenote_category":0,"footnotes":""},"categories":[70,69,32,16,22,12],"tags":[128,206,866,190],"class_list":["post-23828","post","type-post","status-publish","format-standard","has-post-thumbnail","hentry","category-destaques","category-noticias2","category-regiao","category-ribeira-do-amparo","category-seguranca","category-tucano","tag-disparo-de-arma-de-fogo","tag-homicidio","tag-hospital-municipal-mariana-penedo","tag-tucano"],"aioseo_notices":[],"_links":{"self":[{"href":"https:\/\/www.portalalerta.com.br\/index.php\/wp-json\/wp\/v2\/posts\/23828","targetHints":{"allow":["GET"]}}],"collection":[{"href":"https:\/\/www.portalalerta.com.br\/index.php\/wp-json\/wp\/v2\/posts"}],"about":[{"href":"https:\/\/www.portalalerta.com.br\/index.php\/wp-json\/wp\/v2\/types\/post"}],"author":[{"embeddable":true,"href":"https:\/\/www.portalalerta.com.br\/index.php\/wp-json\/wp\/v2\/users\/2"}],"replies":[{"embeddable":true,"href":"https:\/\/www.portalalerta.com.br\/index.php\/wp-json\/wp\/v2\/comments?post=23828"}],"version-history":[{"count":3,"href":"https:\/\/www.portalalerta.com.br\/index.php\/wp-json\/wp\/v2\/posts\/23828\/revisions"}],"predecessor-version":[{"id":23832,"href":"https:\/\/www.portalalerta.com.br\/index.php\/wp-json\/wp\/v2\/posts\/23828\/revisions\/23832"}],"wp:featuredmedia":[{"embeddable":true,"href":"https:\/\/www.portalalerta.com.br\/index.php\/wp-json\/wp\/v2\/media\/12118"}],"wp:attachment":[{"href":"https:\/\/www.portalalerta.com.br\/index.php\/wp-json\/wp\/v2\/media?parent=23828"}],"wp:term":[{"taxonomy":"category","embeddable":true,"href":"https:\/\/www.portalalerta.com.br\/index.php\/wp-json\/wp\/v2\/categories?post=23828"},{"taxonomy":"post_tag","embeddable":true,"href":"https:\/\/www.portalalerta.com.br\/index.php\/wp-json\/wp\/v2\/tags?post=23828"}],"curies":[{"name":"wp","href":"https:\/\/api.w.org\/{rel}","templated":true}]}}