{"id":23834,"date":"2020-05-03T17:29:49","date_gmt":"2020-05-03T20:29:49","guid":{"rendered":"https:\/\/www.portalalerta.com.br\/?p=23834"},"modified":"2020-05-03T17:31:55","modified_gmt":"2020-05-03T20:31:55","slug":"lula-critica-decisao-do-supremo-que-barrou-escolha-de-bolsonaro-para-a-pf","status":"publish","type":"post","link":"https:\/\/www.portalalerta.com.br\/index.php\/2020\/05\/03\/lula-critica-decisao-do-supremo-que-barrou-escolha-de-bolsonaro-para-a-pf\/","title":{"rendered":"Lula critica decis\u00e3o do Supremo que barrou escolha de Bolsonaro para a PF"},"content":{"rendered":"<p style=\"text-align: justify;\">O ex-presidente Luiz In\u00e1cio Lula da Silva (PT) criticou a decis\u00e3o do ministro Alexandre de Moraes, do STF (Supremo Tribunal Federal), de barrar a nomea\u00e7\u00e3o feita pelo presidente Jair Bolsonaro (sem partido) de Alexandre Ramagem para a chefia da Pol\u00edcia Federal.<!--more--><\/p>\n<p style=\"text-align: justify;\">Na opini\u00e3o de Lula, a atitude do ministro s\u00f3 se justificaria caso ficasse provado que Ramagem cometeu algum il\u00edcito que o impedisse de ocupar o cargo. O ex-presidente afirmou em entrevista ao UOL que as indica\u00e7\u00f5es cabem ao presidente da Rep\u00fablica.<\/p>\n<p style=\"text-align: justify;\">&#8220;N\u00e3o pode um \u00fanico juiz da Suprema Corte tomar atitude de evitar. N\u00e3o podemos permitir que as institui\u00e7\u00f5es ajam politicamente. [&#8230;] Que a pessoa prove que o delegado tem um ilicito, a\u00ed sim ele est\u00e1 correto [em barr\u00e1-lo]&#8221;, disse.<\/p>\n<p style=\"text-align: justify;\">A decis\u00e3o de Moraes se baseia, principalmente, nas afirma\u00e7\u00f5es de Bolsonaro de que pretendia usar a PF, um \u00f3rg\u00e3o de investiga\u00e7\u00e3o, como produtor de informa\u00e7\u00f5es para suas tomadas de decis\u00e3o.<\/p>\n<p style=\"text-align: justify;\"><img fetchpriority=\"high\" decoding=\"async\" class=\"size-thumbnail wp-image-23589 aligncenter\" src=\"https:\/\/www.portalalerta.com.br\/wp-content\/uploads\/2020\/04\/real-acordo-720x93.jpg\" alt=\"\" width=\"720\" height=\"93\" \/>A decis\u00e3o de Bolsonaro em trocar a chefia da Pol\u00edcia Federal provocou a sa\u00edda do ent\u00e3o ministro da Justi\u00e7a Sergio Moro. O ex-juiz n\u00e3o concordava com a nomea\u00e7\u00e3o de Ramagem, amigo dos filhos de Bolsonaro, que, por sua vez, s\u00e3o alvos de investiga\u00e7\u00f5es da PF. Moro deixou o governo acusando o presidente de tentar interferir politicamente nas investiga\u00e7\u00f5es da PF.<\/p>\n<p style=\"text-align: justify;\">Lula afirmou que &#8220;a troca do delegado n\u00e3o pode ser nenhum absurdo&#8221;. &#8220;O presidente da Rep\u00fablica tem mais autoridade para indicar o delegado do que o ministro, afinal de contas foi o presidente da Rep\u00fablica que foi eleito. O que \u00e9 importante \u00e9 tratar a institui\u00e7\u00e3o de forma republicana, ou seja, n\u00e3o \u00e9 um instrumento do presidente da Rep\u00fablica.&#8221;<\/p>\n<p style=\"text-align: justify;\">&#8220;Eu n\u00e3o sei qual o crime que o delegado [Ramagem] cometeu. Se ele cometeu algum desvio, obviamente que n\u00e3o poderia mesmo assumir. Mas \u00e9 preciso que a gente seja preciso, porque um dia voc\u00ea pode ser presidente e voc\u00ea pode querer indicar uma pessoa que voc\u00ea conhe\u00e7a para um cargo e algu\u00e9m vai dizer que n\u00e3o pode indicar&#8221;, afirmou Lula ao entrevistador, Leonardo Sakamoto.<\/p>\n<p style=\"text-align: justify;\"><em>Fonte: Yahoo Not\u00edcias<\/em><\/p>\n","protected":false},"excerpt":{"rendered":"<p>O ex-presidente Luiz In\u00e1cio Lula da Silva (PT) criticou a decis\u00e3o do ministro Alexandre de Moraes, do STF (Supremo Tribunal Federal), de barrar a nomea\u00e7\u00e3o feita pelo presidente Jair Bolsonaro (sem partido) de Alexandre Ramagem para a chefia da Pol\u00edcia Federal.<\/p>\n","protected":false},"author":2,"featured_media":23843,"comment_status":"open","ping_status":"open","sticky":false,"template":"","format":"image","meta":{"om_disable_all_campaigns":false,"_monsterinsights_skip_tracking":false,"_monsterinsights_sitenote_active":false,"_monsterinsights_sitenote_note":"","_monsterinsights_sitenote_category":0,"footnotes":""},"categories":[34,70,69,21,22],"tags":[3607,93,1395,303,173,216],"class_list":["post-23834","post","type-post","status-publish","format-image","has-post-thumbnail","hentry","category-brasil","category-destaques","category-noticias2","category-politica","category-seguranca","tag-alexandre-ramagem","tag-brasil","tag-jair-bolsonaro","tag-lula","tag-policia-federal","tag-stf","post_format-post-format-image"],"aioseo_notices":[],"_links":{"self":[{"href":"https:\/\/www.portalalerta.com.br\/index.php\/wp-json\/wp\/v2\/posts\/23834","targetHints":{"allow":["GET"]}}],"collection":[{"href":"https:\/\/www.portalalerta.com.br\/index.php\/wp-json\/wp\/v2\/posts"}],"about":[{"href":"https:\/\/www.portalalerta.com.br\/index.php\/wp-json\/wp\/v2\/types\/post"}],"author":[{"embeddable":true,"href":"https:\/\/www.portalalerta.com.br\/index.php\/wp-json\/wp\/v2\/users\/2"}],"replies":[{"embeddable":true,"href":"https:\/\/www.portalalerta.com.br\/index.php\/wp-json\/wp\/v2\/comments?post=23834"}],"version-history":[{"count":1,"href":"https:\/\/www.portalalerta.com.br\/index.php\/wp-json\/wp\/v2\/posts\/23834\/revisions"}],"predecessor-version":[{"id":23835,"href":"https:\/\/www.portalalerta.com.br\/index.php\/wp-json\/wp\/v2\/posts\/23834\/revisions\/23835"}],"wp:featuredmedia":[{"embeddable":true,"href":"https:\/\/www.portalalerta.com.br\/index.php\/wp-json\/wp\/v2\/media\/23843"}],"wp:attachment":[{"href":"https:\/\/www.portalalerta.com.br\/index.php\/wp-json\/wp\/v2\/media?parent=23834"}],"wp:term":[{"taxonomy":"category","embeddable":true,"href":"https:\/\/www.portalalerta.com.br\/index.php\/wp-json\/wp\/v2\/categories?post=23834"},{"taxonomy":"post_tag","embeddable":true,"href":"https:\/\/www.portalalerta.com.br\/index.php\/wp-json\/wp\/v2\/tags?post=23834"}],"curies":[{"name":"wp","href":"https:\/\/api.w.org\/{rel}","templated":true}]}}