{"id":23836,"date":"2020-05-03T17:30:28","date_gmt":"2020-05-03T20:30:28","guid":{"rendered":"https:\/\/www.portalalerta.com.br\/?p=23836"},"modified":"2020-05-03T17:30:28","modified_gmt":"2020-05-03T20:30:28","slug":"aula-online-conta-para-a-conclusao-do-ano-letivo-define-conselho","status":"publish","type":"post","link":"https:\/\/www.portalalerta.com.br\/index.php\/2020\/05\/03\/aula-online-conta-para-a-conclusao-do-ano-letivo-define-conselho\/","title":{"rendered":"Aula online conta para a conclus\u00e3o do ano letivo, define Conselho"},"content":{"rendered":"<p style=\"text-align: justify;\">O CNE (Conselho Nacional de Educa\u00e7\u00e3o), ap\u00f3s vota\u00e7\u00e3o de documento na ter\u00e7a-feira (28), definiu orienta\u00e7\u00f5es para as escolas de todo o pa\u00eds sobre o calend\u00e1rio escolar de 2020. As medidas precisam ser tomadas por conta da suspens\u00e3o das aulas presenciais devido ao combate ao novo coronav\u00edrus. No texto aprovado, aulas online valem como dia letivo. O documento passa por revis\u00e3o ortogr\u00e1fica e, em seguida, ser\u00e1 encaminhado para homologa\u00e7\u00e3o do ministro da Educa\u00e7\u00e3o, Abraham Weintraub.<!--more--><\/p>\n<p style=\"text-align: justify;\">No documento aprovado em plen\u00e1rio virtual, o Conselho entende que as atividades remotas a partir do ensino fundamental podem contar como horas letivas, respondendo a uma d\u00favida de pais, alunos e autoridades. O documento afirma que &#8220;O desenvolvimento do efetivo trabalho escolar por meio de atividades n\u00e3o presenciais \u00e9 uma das alternativas para reduzir a reposi\u00e7\u00e3o de carga hor\u00e1ria presencial ao final da situa\u00e7\u00e3o de emerg\u00eancia e permitir que os estudantes mantenham uma rotina b\u00e1sica de atividades escolares mesmo afastados do ambiente f\u00edsico da escola&#8221;.<\/p>\n<p style=\"text-align: justify;\"><img fetchpriority=\"high\" decoding=\"async\" class=\"size-full wp-image-2902 alignleft\" src=\"https:\/\/www.portalalerta.com.br\/wp-content\/uploads\/2017\/11\/elab-2.jpg\" alt=\"\" width=\"310\" height=\"200\" srcset=\"https:\/\/www.portalalerta.com.br\/wp-content\/uploads\/2017\/11\/elab-2.jpg 310w, https:\/\/www.portalalerta.com.br\/wp-content\/uploads\/2017\/11\/elab-2-226x146.jpg 226w, https:\/\/www.portalalerta.com.br\/wp-content\/uploads\/2017\/11\/elab-2-50x32.jpg 50w, https:\/\/www.portalalerta.com.br\/wp-content\/uploads\/2017\/11\/elab-2-116x75.jpg 116w\" sizes=\"(max-width: 310px) 100vw, 310px\" \/>As atividades podem ser oferecidas a todos os estudantes por meio de videoaulas, de conte\u00fados organizados em plataformas virtuais de ensino e aprendizagem, pelas redes sociais, entre outros.<\/p>\n<p style=\"text-align: justify;\">Essas atividades podem, ainda, ser oferecidas por meio de programas de televis\u00e3o ou r\u00e1dio, pela ado\u00e7\u00e3o de materiais did\u00e1ticos impressos e distribu\u00eddos aos alunos e seus pais ou respons\u00e1veis e pela orienta\u00e7\u00e3o de leituras, projetos, pesquisas, atividades e exerc\u00edcios indicados nos materiais did\u00e1ticos.<\/p>\n<p style=\"text-align: justify;\">O texto tamb\u00e9m refor\u00e7a a preocupa\u00e7\u00e3o do Conselho de n\u00e3o aumentar a desigualdade entre os estudantes e de que \u00e9 preciso que o acesso \u00e0s tecnologias sejam levados em considera\u00e7\u00e3o e que Estados e munic\u00edpios devem \u201cconsiderar propostas inclusivas e que n\u00e3o reforcem ou aumentem a desigualdade de oportunidades educacionais&#8221;, refor\u00e7a o CNE.<\/p>\n<p style=\"text-align: justify;\">O Conselho tamb\u00e9m orienta que as crian\u00e7as passem por uma avalia\u00e7\u00e3o para saber o que aprenderam assim que as aulas presenciais forem retomadas. As escolas devem oferecer aulas de recupera\u00e7\u00e3o aos estudantes, se necess\u00e1rio.<\/p>\n<p style=\"text-align: justify;\">Para a educa\u00e7\u00e3o infantil, a orienta\u00e7\u00e3o \u00e9 que as escolas promovam atividades online para que as crian\u00e7as n\u00e3o percam o v\u00ednculo. A recomenda\u00e7\u00e3o \u00e9 que as escolas desenvolvam materiais de orienta\u00e7\u00e3o aos pais de crian\u00e7as at\u00e9 5 anos para promoverem atividades de est\u00edmulo em casa.\u00a0\u00a0Para alunos do ensino fundamental, a orienta\u00e7\u00e3o \u00e9 a do\u00e7\u00e3o de roteiros pr\u00e1ticos e estruturados para que os pais acompanhem as resolu\u00e7\u00f5es de atividades n\u00e3o presenciais das crian\u00e7as.<\/p>\n<p style=\"text-align: justify;\">Outra recomenda\u00e7\u00e3o importante \u00e9 que o MEC (Minist\u00e9rio da Educa\u00e7\u00e3o) e o Inep (Instituto Nacional de Estudos e Pesquisas Educacionais An\u00edsio Teixeira) reavaliem o calend\u00e1rio do Enem (Exame Nacional do Ensino M\u00e9dio) e do Saeb (Sistema Nacional de Avalia\u00e7\u00e3o da Educa\u00e7\u00e3o B\u00e1sica), at\u00e9 que a situa\u00e7\u00e3o volte \u00e0 normalidade.<\/p>\n<p style=\"text-align: justify;\">&#8220;Sugere-se que\u00a0\u00a0as avalia\u00e7\u00f5es e exames nacionais e estaduais considerem as a\u00e7\u00f5es de reorganiza\u00e7\u00e3o dos calend\u00e1rios de cada sistema de ensino para o estabelecimento de seus cronogramas&#8221;, diz o documento. &#8220;\u00c9 importante garantir uma avalia\u00e7\u00e3o equilibrada dos estudantes em fun\u00e7\u00e3o das diferentes situa\u00e7\u00f5es que ser\u00e3o enfrentadas em cada sistema de ensino, assegurando as mesmas oportunidades a todos que participam das avalia\u00e7\u00f5es em \u00e2mbitos municipal, estadual e nacional.&#8221;<\/p>\n<p style=\"text-align: justify;\">O CNE decidiu elaborar o documento devido \u00e0s v\u00e1rias d\u00favidas de estados, munic\u00edpios e escolas sobre se as pr\u00e1ticas adotadas durante a pandemia estavam em conformidade com as normas vigentes. A proposta passou por consulta p\u00fablica e recebeu mais de mil contribui\u00e7\u00f5es.<\/p>\n<p style=\"text-align: justify;\">No Brasil, em todos os estados h\u00e1 suspens\u00e3o de aulas para conter o avan\u00e7o da pandemia do novo coronav\u00edrus. Em todo o mundo, 191 pa\u00edses determinaram o fechamento de escolas e universidadesmundo, de acordo com dados da Unesco *(Organiza\u00e7\u00e3o das Na\u00e7\u00f5es Unidas para a Educa\u00e7\u00e3o, a Ci\u00eancia e a Cultura). A decis\u00e3o afeta cerca de 1,6 bilh\u00e3o de crian\u00e7as e jovens e corresponde a cerca de 90% de todos os estudantes no planeta.<\/p>\n<p style=\"text-align: justify;\"><em>Fonte: Jeremoabo.com<\/em><\/p>\n","protected":false},"excerpt":{"rendered":"<p>O CNE (Conselho Nacional de Educa\u00e7\u00e3o), ap\u00f3s vota\u00e7\u00e3o de documento na ter\u00e7a-feira (28), definiu orienta\u00e7\u00f5es para as escolas de todo o pa\u00eds sobre o calend\u00e1rio escolar de 2020. As medidas precisam ser tomadas por conta da suspens\u00e3o das aulas presenciais devido ao combate ao novo coronav\u00edrus. No texto aprovado, aulas online valem como dia letivo. &hellip;<\/p>\n","protected":false},"author":2,"featured_media":23837,"comment_status":"open","ping_status":"open","sticky":false,"template":"","format":"standard","meta":{"om_disable_all_campaigns":false,"_monsterinsights_skip_tracking":false,"_monsterinsights_sitenote_active":false,"_monsterinsights_sitenote_note":"","_monsterinsights_sitenote_category":0,"footnotes":""},"categories":[34,70,20,69,19],"tags":[1154,93,3429,3486,140,61],"class_list":["post-23836","post","type-post","status-publish","format-standard","has-post-thumbnail","hentry","category-brasil","category-destaques","category-educacao","category-noticias2","category-saude","tag-aulas","tag-brasil","tag-coronavirus","tag-covid-19","tag-educacao","tag-saude"],"aioseo_notices":[],"_links":{"self":[{"href":"https:\/\/www.portalalerta.com.br\/index.php\/wp-json\/wp\/v2\/posts\/23836","targetHints":{"allow":["GET"]}}],"collection":[{"href":"https:\/\/www.portalalerta.com.br\/index.php\/wp-json\/wp\/v2\/posts"}],"about":[{"href":"https:\/\/www.portalalerta.com.br\/index.php\/wp-json\/wp\/v2\/types\/post"}],"author":[{"embeddable":true,"href":"https:\/\/www.portalalerta.com.br\/index.php\/wp-json\/wp\/v2\/users\/2"}],"replies":[{"embeddable":true,"href":"https:\/\/www.portalalerta.com.br\/index.php\/wp-json\/wp\/v2\/comments?post=23836"}],"version-history":[{"count":1,"href":"https:\/\/www.portalalerta.com.br\/index.php\/wp-json\/wp\/v2\/posts\/23836\/revisions"}],"predecessor-version":[{"id":23838,"href":"https:\/\/www.portalalerta.com.br\/index.php\/wp-json\/wp\/v2\/posts\/23836\/revisions\/23838"}],"wp:featuredmedia":[{"embeddable":true,"href":"https:\/\/www.portalalerta.com.br\/index.php\/wp-json\/wp\/v2\/media\/23837"}],"wp:attachment":[{"href":"https:\/\/www.portalalerta.com.br\/index.php\/wp-json\/wp\/v2\/media?parent=23836"}],"wp:term":[{"taxonomy":"category","embeddable":true,"href":"https:\/\/www.portalalerta.com.br\/index.php\/wp-json\/wp\/v2\/categories?post=23836"},{"taxonomy":"post_tag","embeddable":true,"href":"https:\/\/www.portalalerta.com.br\/index.php\/wp-json\/wp\/v2\/tags?post=23836"}],"curies":[{"name":"wp","href":"https:\/\/api.w.org\/{rel}","templated":true}]}}