{"id":24037,"date":"2020-05-10T15:31:36","date_gmt":"2020-05-10T18:31:36","guid":{"rendered":"https:\/\/www.portalalerta.com.br\/?p=24037"},"modified":"2020-05-10T15:31:36","modified_gmt":"2020-05-10T18:31:36","slug":"sobe-para-cinco-o-numero-de-infectados-em-ribeira-do-pombal","status":"publish","type":"post","link":"https:\/\/www.portalalerta.com.br\/index.php\/2020\/05\/10\/sobe-para-cinco-o-numero-de-infectados-em-ribeira-do-pombal\/","title":{"rendered":"Sobe para cinco, o n\u00famero de infectados por Covid-19 em Ribeira do Pombal-BA"},"content":{"rendered":"<p style=\"text-align: justify;\">A Secretaria Municipal de Sa\u00fade de Ribeira do Pombal-BA, confirmou o quinto caso de Covid-19 (Coronav\u00edrus), no munic\u00edpio.\u00a0<!--more--><\/p>\n<p style=\"text-align: justify;\"><img fetchpriority=\"high\" decoding=\"async\" class=\"size-thumbnail wp-image-9394 alignleft\" src=\"https:\/\/www.portalalerta.com.br\/wp-content\/uploads\/2018\/07\/05elab-320x240.jpg\" alt=\"\" width=\"320\" height=\"240\" srcset=\"https:\/\/www.portalalerta.com.br\/wp-content\/uploads\/2018\/07\/05elab-320x240.jpg 320w, https:\/\/www.portalalerta.com.br\/wp-content\/uploads\/2018\/07\/05elab-195x146.jpg 195w, https:\/\/www.portalalerta.com.br\/wp-content\/uploads\/2018\/07\/05elab-50x38.jpg 50w, https:\/\/www.portalalerta.com.br\/wp-content\/uploads\/2018\/07\/05elab-100x75.jpg 100w, https:\/\/www.portalalerta.com.br\/wp-content\/uploads\/2018\/07\/05elab.jpg 400w\" sizes=\"(max-width: 320px) 100vw, 320px\" \/>De acordo com informa\u00e7\u00f5es, o paciente \u00e9 um jovem de 31 anos, que retornou do Estado do Maranh\u00e3o no dia 28 de abril. O mesmo apresentou sintomas leves, por\u00e9m n\u00e3o tem comorbidades, e seu estado cl\u00ednico \u00e9 considerado est\u00e1vel.<\/p>\n<p style=\"text-align: justify;\">Ainda segundo a nota, o caso j\u00e1 foi notificado, e o paciente se encontra em monitoramento, bem como as pessoas que tiveram contato com o mesmo.<\/p>\n<p style=\"text-align: justify;\">Vale ressaltar que a melhor maneira de prevenir\u00a0 a propaga\u00e7\u00e3o da doen\u00e7a, \u00e9 o isolamento social. \u00c0quele que por ventura n\u00e3o possa ficar em suas respectivas casas, dever\u00e3o fazer uso de m\u00e1scaras, com o objetivo de diminuir os riscos de cont\u00e1gio.<\/p>\n<p style=\"text-align: justify;\">\n<p style=\"text-align: justify;\"><em>Reda\u00e7\u00e3o: Portal Alerta<\/em><\/p>\n<p style=\"text-align: justify;\"><em><strong>#fiqueemcasa<\/strong><\/em><\/p>\n","protected":false},"excerpt":{"rendered":"<p>A Secretaria Municipal de Sa\u00fade de Ribeira do Pombal-BA, confirmou o quinto caso de Covid-19 (Coronav\u00edrus), no munic\u00edpio.\u00a0<\/p>\n","protected":false},"author":2,"featured_media":22317,"comment_status":"open","ping_status":"open","sticky":false,"template":"","format":"standard","meta":{"om_disable_all_campaigns":false,"_monsterinsights_skip_tracking":false,"_monsterinsights_sitenote_active":false,"_monsterinsights_sitenote_note":"","_monsterinsights_sitenote_category":0,"footnotes":""},"categories":[70,69,32,3,19],"tags":[3429,3486,47,61,433],"class_list":["post-24037","post","type-post","status-publish","format-standard","has-post-thumbnail","hentry","category-destaques","category-noticias2","category-regiao","category-ribeira-do-pombal","category-saude","tag-coronavirus","tag-covid-19","tag-ribeira-do-pombal","tag-saude","tag-secretaria-de-saude"],"aioseo_notices":[],"_links":{"self":[{"href":"https:\/\/www.portalalerta.com.br\/index.php\/wp-json\/wp\/v2\/posts\/24037","targetHints":{"allow":["GET"]}}],"collection":[{"href":"https:\/\/www.portalalerta.com.br\/index.php\/wp-json\/wp\/v2\/posts"}],"about":[{"href":"https:\/\/www.portalalerta.com.br\/index.php\/wp-json\/wp\/v2\/types\/post"}],"author":[{"embeddable":true,"href":"https:\/\/www.portalalerta.com.br\/index.php\/wp-json\/wp\/v2\/users\/2"}],"replies":[{"embeddable":true,"href":"https:\/\/www.portalalerta.com.br\/index.php\/wp-json\/wp\/v2\/comments?post=24037"}],"version-history":[{"count":2,"href":"https:\/\/www.portalalerta.com.br\/index.php\/wp-json\/wp\/v2\/posts\/24037\/revisions"}],"predecessor-version":[{"id":24054,"href":"https:\/\/www.portalalerta.com.br\/index.php\/wp-json\/wp\/v2\/posts\/24037\/revisions\/24054"}],"wp:featuredmedia":[{"embeddable":true,"href":"https:\/\/www.portalalerta.com.br\/index.php\/wp-json\/wp\/v2\/media\/22317"}],"wp:attachment":[{"href":"https:\/\/www.portalalerta.com.br\/index.php\/wp-json\/wp\/v2\/media?parent=24037"}],"wp:term":[{"taxonomy":"category","embeddable":true,"href":"https:\/\/www.portalalerta.com.br\/index.php\/wp-json\/wp\/v2\/categories?post=24037"},{"taxonomy":"post_tag","embeddable":true,"href":"https:\/\/www.portalalerta.com.br\/index.php\/wp-json\/wp\/v2\/tags?post=24037"}],"curies":[{"name":"wp","href":"https:\/\/api.w.org\/{rel}","templated":true}]}}