{"id":24144,"date":"2020-05-13T22:12:32","date_gmt":"2020-05-14T01:12:32","guid":{"rendered":"https:\/\/www.portalalerta.com.br\/?p=24144"},"modified":"2020-05-13T22:12:32","modified_gmt":"2020-05-14T01:12:32","slug":"menores-sao-apreendidos-ao-serem-flagrados-em-veiculo-roubado-em-euclides-da-cunha-ba","status":"publish","type":"post","link":"https:\/\/www.portalalerta.com.br\/index.php\/2020\/05\/13\/menores-sao-apreendidos-ao-serem-flagrados-em-veiculo-roubado-em-euclides-da-cunha-ba\/","title":{"rendered":"Menores s\u00e3o apreendidos ao serem flagrados em ve\u00edculo roubado, em Euclides da Cunha-BA"},"content":{"rendered":"<p style=\"text-align: justify;\">No in\u00edcio da tarde da \u00faltima ter\u00e7a-feira, 12, policiais militares da CIPE Nordeste apreenderam dois menores de idade, que estavam a bordo de um ve\u00edculo proveniente de furto\/ roubo, em Euclides da Cunha-BA.<!--more--><\/p>\n<p style=\"text-align: justify;\"><img fetchpriority=\"high\" decoding=\"async\" class=\"size-thumbnail wp-image-9394 alignleft\" src=\"https:\/\/www.portalalerta.com.br\/wp-content\/uploads\/2018\/07\/05elab-320x240.jpg\" alt=\"\" width=\"320\" height=\"240\" srcset=\"https:\/\/www.portalalerta.com.br\/wp-content\/uploads\/2018\/07\/05elab-320x240.jpg 320w, https:\/\/www.portalalerta.com.br\/wp-content\/uploads\/2018\/07\/05elab-195x146.jpg 195w, https:\/\/www.portalalerta.com.br\/wp-content\/uploads\/2018\/07\/05elab-50x38.jpg 50w, https:\/\/www.portalalerta.com.br\/wp-content\/uploads\/2018\/07\/05elab-100x75.jpg 100w, https:\/\/www.portalalerta.com.br\/wp-content\/uploads\/2018\/07\/05elab.jpg 400w\" sizes=\"(max-width: 320px) 100vw, 320px\" \/>A a\u00e7\u00e3o ocorreu na Av. Renato Campos, quando os militares visualizaram a dupla, que ao perceber a guarni\u00e7\u00e3o, tentou fugir, por\u00e9m sem \u00eaxito. Foi realizada a devida abordagem, sendo constatado que a motocicleta Honda CG de cor azul, tinha proced\u00eancia criminosa.<\/p>\n<p style=\"text-align: justify;\">Diante do flagrante, os infratores, bem como o ve\u00edculo recuperado, foram conduzidos para o Complexo Policial da cidade, onde foi lavrada a ocorr\u00eancia.<\/p>\n<p style=\"text-align: justify;\"><em>Reda\u00e7\u00e3o: Portal Alerta<\/em><\/p>\n<p style=\"text-align: justify;\"><em>#fiqueemcasa<\/em><\/p>\n","protected":false},"excerpt":{"rendered":"<p>No in\u00edcio da tarde da \u00faltima ter\u00e7a-feira, 12, policiais militares da CIPE Nordeste apreenderam dois menores de idade, que estavam a bordo de um ve\u00edculo proveniente de furto\/ roubo, em Euclides da Cunha-BA.<\/p>\n","protected":false},"author":2,"featured_media":24145,"comment_status":"open","ping_status":"open","sticky":false,"template":"","format":"standard","meta":{"om_disable_all_campaigns":false,"_monsterinsights_skip_tracking":false,"_monsterinsights_sitenote_active":false,"_monsterinsights_sitenote_note":"","_monsterinsights_sitenote_category":0,"footnotes":""},"categories":[70,17,69,32,22],"tags":[143,167,129,3039,79,101,102],"class_list":["post-24144","post","type-post","status-publish","format-standard","has-post-thumbnail","hentry","category-destaques","category-euclides-da-cunha","category-noticias2","category-regiao","category-seguranca","tag-apreensao","tag-cipe-nordeste","tag-euclides-da-cunha","tag-menores-de-idade","tag-policia-militar","tag-roubo-de-moto","tag-veiculo-recuperado"],"aioseo_notices":[],"_links":{"self":[{"href":"https:\/\/www.portalalerta.com.br\/index.php\/wp-json\/wp\/v2\/posts\/24144","targetHints":{"allow":["GET"]}}],"collection":[{"href":"https:\/\/www.portalalerta.com.br\/index.php\/wp-json\/wp\/v2\/posts"}],"about":[{"href":"https:\/\/www.portalalerta.com.br\/index.php\/wp-json\/wp\/v2\/types\/post"}],"author":[{"embeddable":true,"href":"https:\/\/www.portalalerta.com.br\/index.php\/wp-json\/wp\/v2\/users\/2"}],"replies":[{"embeddable":true,"href":"https:\/\/www.portalalerta.com.br\/index.php\/wp-json\/wp\/v2\/comments?post=24144"}],"version-history":[{"count":1,"href":"https:\/\/www.portalalerta.com.br\/index.php\/wp-json\/wp\/v2\/posts\/24144\/revisions"}],"predecessor-version":[{"id":24146,"href":"https:\/\/www.portalalerta.com.br\/index.php\/wp-json\/wp\/v2\/posts\/24144\/revisions\/24146"}],"wp:featuredmedia":[{"embeddable":true,"href":"https:\/\/www.portalalerta.com.br\/index.php\/wp-json\/wp\/v2\/media\/24145"}],"wp:attachment":[{"href":"https:\/\/www.portalalerta.com.br\/index.php\/wp-json\/wp\/v2\/media?parent=24144"}],"wp:term":[{"taxonomy":"category","embeddable":true,"href":"https:\/\/www.portalalerta.com.br\/index.php\/wp-json\/wp\/v2\/categories?post=24144"},{"taxonomy":"post_tag","embeddable":true,"href":"https:\/\/www.portalalerta.com.br\/index.php\/wp-json\/wp\/v2\/tags?post=24144"}],"curies":[{"name":"wp","href":"https:\/\/api.w.org\/{rel}","templated":true}]}}