{"id":24147,"date":"2020-05-13T22:16:47","date_gmt":"2020-05-14T01:16:47","guid":{"rendered":"https:\/\/www.portalalerta.com.br\/?p=24147"},"modified":"2020-05-13T22:16:47","modified_gmt":"2020-05-14T01:16:47","slug":"petrobras-aumenta-em-10-preco-da-gasolina-nas-refinarias-o-valor-do-diesel-nao-sera-alterado","status":"publish","type":"post","link":"https:\/\/www.portalalerta.com.br\/index.php\/2020\/05\/13\/petrobras-aumenta-em-10-preco-da-gasolina-nas-refinarias-o-valor-do-diesel-nao-sera-alterado\/","title":{"rendered":"Petrobras aumenta em 10% pre\u00e7o da gasolina nas refinarias, o valor do diesel n\u00e3o ser\u00e1 alterado"},"content":{"rendered":"<p style=\"text-align: justify;\">A Petrobras informou nesta quarta-feira, 13, que vai aumentar o pre\u00e7o da gasolina nas refinarias em 10% a partir de quinta-feira. 15. O valor do diesel n\u00e3o ser\u00e1 alterado. O aumento se d\u00e1 num cen\u00e1rio de recupera\u00e7\u00e3o recente dos pre\u00e7os do barril do petr\u00f3leo no mercado internacional com novos sinais de corte na produ\u00e7\u00e3o.<!--more--><\/p>\n<p style=\"text-align: justify;\"><img fetchpriority=\"high\" decoding=\"async\" class=\"size-thumbnail wp-image-23589 aligncenter\" src=\"https:\/\/www.portalalerta.com.br\/wp-content\/uploads\/2020\/04\/real-acordo-720x93.jpg\" alt=\"\" width=\"720\" height=\"93\" \/>Na semana passada, a alta foi de 12%. Este \u00e9 o segundo aumento consecutivo no pre\u00e7o da gasolina.<\/p>\n<p style=\"text-align: justify;\">A Ar\u00e1bia Saudita anunciou na segunda-feira (11) que aumentar\u00e1 os cortes em mais 1 milh\u00e3o de barris por dia (bpd) no m\u00eas que vem, passando a ter uma redu\u00e7\u00e3o total de 7,5 milh\u00f5es de bpd. Emirados \u00c1rabes Unidos e Kuweit tamb\u00e9m prometeram novos cortes de produ\u00e7\u00e3o.<\/p>\n<p style=\"text-align: justify;\"><em>Fonte: Pombal Not\u00edcias<\/em><\/p>\n<p style=\"text-align: justify;\"><em>Com informa\u00e7\u00f5es: Metro1<\/em><\/p>\n","protected":false},"excerpt":{"rendered":"<p>A Petrobras informou nesta quarta-feira, 13, que vai aumentar o pre\u00e7o da gasolina nas refinarias em 10% a partir de quinta-feira. 15. O valor do diesel n\u00e3o ser\u00e1 alterado. O aumento se d\u00e1 num cen\u00e1rio de recupera\u00e7\u00e3o recente dos pre\u00e7os do barril do petr\u00f3leo no mercado internacional com novos sinais de corte na produ\u00e7\u00e3o.<\/p>\n","protected":false},"author":2,"featured_media":20927,"comment_status":"open","ping_status":"open","sticky":false,"template":"","format":"standard","meta":{"om_disable_all_campaigns":false,"_monsterinsights_skip_tracking":false,"_monsterinsights_sitenote_active":false,"_monsterinsights_sitenote_note":"","_monsterinsights_sitenote_category":0,"footnotes":""},"categories":[34,70,69],"tags":[93,273,3426,329,401],"class_list":["post-24147","post","type-post","status-publish","format-standard","has-post-thumbnail","hentry","category-brasil","category-destaques","category-noticias2","tag-brasil","tag-combustivel","tag-gasolina","tag-petrobras","tag-reajuste-de-precos"],"aioseo_notices":[],"_links":{"self":[{"href":"https:\/\/www.portalalerta.com.br\/index.php\/wp-json\/wp\/v2\/posts\/24147","targetHints":{"allow":["GET"]}}],"collection":[{"href":"https:\/\/www.portalalerta.com.br\/index.php\/wp-json\/wp\/v2\/posts"}],"about":[{"href":"https:\/\/www.portalalerta.com.br\/index.php\/wp-json\/wp\/v2\/types\/post"}],"author":[{"embeddable":true,"href":"https:\/\/www.portalalerta.com.br\/index.php\/wp-json\/wp\/v2\/users\/2"}],"replies":[{"embeddable":true,"href":"https:\/\/www.portalalerta.com.br\/index.php\/wp-json\/wp\/v2\/comments?post=24147"}],"version-history":[{"count":1,"href":"https:\/\/www.portalalerta.com.br\/index.php\/wp-json\/wp\/v2\/posts\/24147\/revisions"}],"predecessor-version":[{"id":24148,"href":"https:\/\/www.portalalerta.com.br\/index.php\/wp-json\/wp\/v2\/posts\/24147\/revisions\/24148"}],"wp:featuredmedia":[{"embeddable":true,"href":"https:\/\/www.portalalerta.com.br\/index.php\/wp-json\/wp\/v2\/media\/20927"}],"wp:attachment":[{"href":"https:\/\/www.portalalerta.com.br\/index.php\/wp-json\/wp\/v2\/media?parent=24147"}],"wp:term":[{"taxonomy":"category","embeddable":true,"href":"https:\/\/www.portalalerta.com.br\/index.php\/wp-json\/wp\/v2\/categories?post=24147"},{"taxonomy":"post_tag","embeddable":true,"href":"https:\/\/www.portalalerta.com.br\/index.php\/wp-json\/wp\/v2\/tags?post=24147"}],"curies":[{"name":"wp","href":"https:\/\/api.w.org\/{rel}","templated":true}]}}