{"id":24152,"date":"2020-05-13T22:39:55","date_gmt":"2020-05-14T01:39:55","guid":{"rendered":"https:\/\/www.portalalerta.com.br\/?p=24152"},"modified":"2020-05-13T22:39:55","modified_gmt":"2020-05-14T01:39:55","slug":"avaliacao-negativa-do-governo-bolsonaro-sobe-12-pontos-e-atinge-43-diz-cnt-mda","status":"publish","type":"post","link":"https:\/\/www.portalalerta.com.br\/index.php\/2020\/05\/13\/avaliacao-negativa-do-governo-bolsonaro-sobe-12-pontos-e-atinge-43-diz-cnt-mda\/","title":{"rendered":"Avalia\u00e7\u00e3o negativa do governo Bolsonaro sobe 12 pontos e atinge 43%, diz CNT\/MDA"},"content":{"rendered":"<p style=\"text-align: justify;\">A avalia\u00e7\u00e3o do governo Jair Bolsonaro atingiu seu maior \u00edndice, e bateu 43,4%, segundo pesquisa CNT\/MDA divulgada ter\u00e7a (12).<!--more--><\/p>\n<p style=\"text-align: justify;\">De acordo com o UOL, o \u00edndice teve um salto de 12,4 pontos porcentuais ente janeiro e maio deste ano. A avalia\u00e7\u00e3o positiva oscilou negativamente de 34,5% para 32% nesse per\u00edodo.<\/p>\n<p style=\"text-align: justify;\">Segundo o instituto de pesquisas MDA, cujo estudo foi contratado pela Confedera\u00e7\u00e3o Nacional dos Transportes, foram feitas 2.002 entrevistas por telefone, entre 7 e 10 de maio, em 494 munic\u00edpios de 25 Unidades da Federa\u00e7\u00e3o. A margem de erro \u00e9 de 2,2 pontos percentuais.<\/p>\n<p style=\"text-align: justify;\"><strong>Avalia\u00e7\u00e3o do governo do presidente Bolsonaro em maio de 2020:<\/strong><\/p>\n<p style=\"text-align: justify;\">.<img fetchpriority=\"high\" decoding=\"async\" class=\"size-thumbnail wp-image-9394 alignright\" src=\"https:\/\/www.portalalerta.com.br\/wp-content\/uploads\/2018\/07\/05elab-320x240.jpg\" alt=\"\" width=\"320\" height=\"240\" srcset=\"https:\/\/www.portalalerta.com.br\/wp-content\/uploads\/2018\/07\/05elab-320x240.jpg 320w, https:\/\/www.portalalerta.com.br\/wp-content\/uploads\/2018\/07\/05elab-195x146.jpg 195w, https:\/\/www.portalalerta.com.br\/wp-content\/uploads\/2018\/07\/05elab-50x38.jpg 50w, https:\/\/www.portalalerta.com.br\/wp-content\/uploads\/2018\/07\/05elab-100x75.jpg 100w, https:\/\/www.portalalerta.com.br\/wp-content\/uploads\/2018\/07\/05elab.jpg 400w\" sizes=\"(max-width: 320px) 100vw, 320px\" \/>\u00d3timo: 14,3% (eram 9,5% em janeiro de 2020)<\/p>\n<p style=\"text-align: justify;\">. Bom: 17,7% (eram 25% em janeiro de 2020)<\/p>\n<p style=\"text-align: justify;\">. Regular: 22,9% (eram 32,1% em janeiro de 2020)<\/p>\n<p style=\"text-align: justify;\">. Ruim: 11,1% (eram 9,5% em janeiro de 2020)<\/p>\n<p style=\"text-align: justify;\">. P\u00e9ssimo: 32,3% (eram 21,5% em janeiro de 2020)<\/p>\n<p style=\"text-align: justify;\">. N\u00e3o sabe\/n\u00e3o respondeu: 1,7% (eram 2,4% em janeiro de 2020)<\/p>\n<p style=\"text-align: justify;\">A avalia\u00e7\u00e3o positiva considera os \u00edndices de \u201c\u00f3timo\u201d e \u201cbom\u201d. J\u00e1 a avalia\u00e7\u00e3o negativa, as somas de \u201cruim\u201d e \u201cp\u00e9ssimo\u201d.<\/p>\n<p style=\"text-align: justify;\">A avalia\u00e7\u00e3o do governo Bolsonaro \u00e9 diferente da avalia\u00e7\u00e3o pessoal de Jair Bolsonaro. Essa \u00faltima analisa apenas o desempenho do presidente, e n\u00e3o do governo como um todo. Na pesquisa divulgada hoje, 55,4% dos entrevistados desaprovam o desempenho pessoal de Bolsonaro. Outros 39,2% aprovam. Em janeiro, a aprova\u00e7\u00e3o pessoal de Bolsonaro era de 47,8%. A desaprova\u00e7\u00e3o era de 47%.<\/p>\n<p style=\"text-align: justify;\"><em>Fonte: R\u00e1dio Povo<\/em><\/p>\n<p style=\"text-align: justify;\"><em>Com informa\u00e7\u00f5es: Metro1<\/em><\/p>\n","protected":false},"excerpt":{"rendered":"<p>A avalia\u00e7\u00e3o do governo Jair Bolsonaro atingiu seu maior \u00edndice, e bateu 43,4%, segundo pesquisa CNT\/MDA divulgada ter\u00e7a (12).<\/p>\n","protected":false},"author":2,"featured_media":13227,"comment_status":"open","ping_status":"open","sticky":false,"template":"","format":"standard","meta":{"om_disable_all_campaigns":false,"_monsterinsights_skip_tracking":false,"_monsterinsights_sitenote_active":false,"_monsterinsights_sitenote_note":"","_monsterinsights_sitenote_category":0,"footnotes":""},"categories":[34,70,69,21],"tags":[93,2281,1395,192,335],"class_list":["post-24152","post","type-post","status-publish","format-standard","has-post-thumbnail","hentry","category-brasil","category-destaques","category-noticias2","category-politica","tag-brasil","tag-governo","tag-jair-bolsonaro","tag-opiniao","tag-pesquisa"],"aioseo_notices":[],"_links":{"self":[{"href":"https:\/\/www.portalalerta.com.br\/index.php\/wp-json\/wp\/v2\/posts\/24152","targetHints":{"allow":["GET"]}}],"collection":[{"href":"https:\/\/www.portalalerta.com.br\/index.php\/wp-json\/wp\/v2\/posts"}],"about":[{"href":"https:\/\/www.portalalerta.com.br\/index.php\/wp-json\/wp\/v2\/types\/post"}],"author":[{"embeddable":true,"href":"https:\/\/www.portalalerta.com.br\/index.php\/wp-json\/wp\/v2\/users\/2"}],"replies":[{"embeddable":true,"href":"https:\/\/www.portalalerta.com.br\/index.php\/wp-json\/wp\/v2\/comments?post=24152"}],"version-history":[{"count":1,"href":"https:\/\/www.portalalerta.com.br\/index.php\/wp-json\/wp\/v2\/posts\/24152\/revisions"}],"predecessor-version":[{"id":24153,"href":"https:\/\/www.portalalerta.com.br\/index.php\/wp-json\/wp\/v2\/posts\/24152\/revisions\/24153"}],"wp:featuredmedia":[{"embeddable":true,"href":"https:\/\/www.portalalerta.com.br\/index.php\/wp-json\/wp\/v2\/media\/13227"}],"wp:attachment":[{"href":"https:\/\/www.portalalerta.com.br\/index.php\/wp-json\/wp\/v2\/media?parent=24152"}],"wp:term":[{"taxonomy":"category","embeddable":true,"href":"https:\/\/www.portalalerta.com.br\/index.php\/wp-json\/wp\/v2\/categories?post=24152"},{"taxonomy":"post_tag","embeddable":true,"href":"https:\/\/www.portalalerta.com.br\/index.php\/wp-json\/wp\/v2\/tags?post=24152"}],"curies":[{"name":"wp","href":"https:\/\/api.w.org\/{rel}","templated":true}]}}