{"id":24154,"date":"2020-05-13T22:58:39","date_gmt":"2020-05-14T01:58:39","guid":{"rendered":"https:\/\/www.portalalerta.com.br\/?p=24154"},"modified":"2020-05-13T22:58:39","modified_gmt":"2020-05-14T01:58:39","slug":"ribeira-do-amparo-ba-confirma-o-primeiro-caso-de-covid-19","status":"publish","type":"post","link":"https:\/\/www.portalalerta.com.br\/index.php\/2020\/05\/13\/ribeira-do-amparo-ba-confirma-o-primeiro-caso-de-covid-19\/","title":{"rendered":"Ribeira do Amparo-BA confirma o primeiro caso de Covid-19"},"content":{"rendered":"<p style=\"text-align: justify;\">O munic\u00edpio de Ribeira do Amparo-BA divulgou nesta quarta-feira, 13, um Boletim Epidemiol\u00f3gico, onde confirma o primeiro caso de Covid-19 na cidade.<!--more--><\/p>\n<p style=\"text-align: justify;\">De acordo com uma nota atribu\u00edda \u00e0 Prefeitura Municipal, o(a) paciente \u00e9 oriundo(a) do estado de S\u00e3o Paulo, e foi submetido(a) a um teste r\u00e1pido, que acusou resultado reagente para a doen\u00e7a. Ainda segundo a nota, a divulga\u00e7\u00e3o da confirma\u00e7\u00e3o em Boletim, antes mesmo de um resultado de exame RT-PCR, que segundo especialistas \u00e9 de maior confiabilidade, o munic\u00edpio afirma que segue orienta\u00e7\u00f5es de uma Nota T\u00e9cnica do Governo do Estado n\u00ba 54 (atualizada em 10 de maio).<\/p>\n<p style=\"text-align: justify;\"><img fetchpriority=\"high\" decoding=\"async\" class=\"size-thumbnail wp-image-23589 aligncenter\" src=\"https:\/\/www.portalalerta.com.br\/wp-content\/uploads\/2020\/04\/real-acordo-720x93.jpg\" alt=\"\" width=\"720\" height=\"93\" \/>Al\u00e9m da confirma\u00e7\u00e3o, at\u00e9 o momento Ribeira do Amparo-BA realizou mais seis exames, que foram negativados. Atualmente n\u00e3o existe nenhum caso suspeito.<\/p>\n<p style=\"text-align: justify;\"><strong>Confira o Boletim:<\/strong><\/p>\n<p style=\"text-align: justify;\"><img decoding=\"async\" class=\"aligncenter wp-image-24155 size-full\" src=\"https:\/\/www.portalalerta.com.br\/wp-content\/uploads\/2020\/05\/Coronavirus-em-Ribeira-do-Amparo-2020.jpeg\" alt=\"\" width=\"720\" height=\"720\" srcset=\"https:\/\/www.portalalerta.com.br\/wp-content\/uploads\/2020\/05\/Coronavirus-em-Ribeira-do-Amparo-2020.jpeg 720w, https:\/\/www.portalalerta.com.br\/wp-content\/uploads\/2020\/05\/Coronavirus-em-Ribeira-do-Amparo-2020-240x240.jpeg 240w, https:\/\/www.portalalerta.com.br\/wp-content\/uploads\/2020\/05\/Coronavirus-em-Ribeira-do-Amparo-2020-146x146.jpeg 146w, https:\/\/www.portalalerta.com.br\/wp-content\/uploads\/2020\/05\/Coronavirus-em-Ribeira-do-Amparo-2020-50x50.jpeg 50w, https:\/\/www.portalalerta.com.br\/wp-content\/uploads\/2020\/05\/Coronavirus-em-Ribeira-do-Amparo-2020-75x75.jpeg 75w, https:\/\/www.portalalerta.com.br\/wp-content\/uploads\/2020\/05\/Coronavirus-em-Ribeira-do-Amparo-2020-85x85.jpeg 85w, https:\/\/www.portalalerta.com.br\/wp-content\/uploads\/2020\/05\/Coronavirus-em-Ribeira-do-Amparo-2020-80x80.jpeg 80w\" sizes=\"(max-width: 720px) 100vw, 720px\" \/><em>Reda\u00e7\u00e3o: Portal Alerta<\/em><\/p>\n<p style=\"text-align: justify;\"><strong><em>#fiqueemcasa<\/em><\/strong><\/p>\n","protected":false},"excerpt":{"rendered":"<p>O munic\u00edpio de Ribeira do Amparo-BA divulgou nesta quarta-feira, 13, um Boletim Epidemiol\u00f3gico, onde confirma o primeiro caso de Covid-19 na cidade.<\/p>\n","protected":false},"author":2,"featured_media":5772,"comment_status":"open","ping_status":"open","sticky":false,"template":"","format":"standard","meta":{"om_disable_all_campaigns":false,"_monsterinsights_skip_tracking":false,"_monsterinsights_sitenote_active":false,"_monsterinsights_sitenote_note":"","_monsterinsights_sitenote_category":0,"footnotes":""},"categories":[70,69,32,16,19],"tags":[3429,3486,88,61],"class_list":["post-24154","post","type-post","status-publish","format-standard","has-post-thumbnail","hentry","category-destaques","category-noticias2","category-regiao","category-ribeira-do-amparo","category-saude","tag-coronavirus","tag-covid-19","tag-ribeira-do-amparo","tag-saude"],"aioseo_notices":[],"_links":{"self":[{"href":"https:\/\/www.portalalerta.com.br\/index.php\/wp-json\/wp\/v2\/posts\/24154","targetHints":{"allow":["GET"]}}],"collection":[{"href":"https:\/\/www.portalalerta.com.br\/index.php\/wp-json\/wp\/v2\/posts"}],"about":[{"href":"https:\/\/www.portalalerta.com.br\/index.php\/wp-json\/wp\/v2\/types\/post"}],"author":[{"embeddable":true,"href":"https:\/\/www.portalalerta.com.br\/index.php\/wp-json\/wp\/v2\/users\/2"}],"replies":[{"embeddable":true,"href":"https:\/\/www.portalalerta.com.br\/index.php\/wp-json\/wp\/v2\/comments?post=24154"}],"version-history":[{"count":2,"href":"https:\/\/www.portalalerta.com.br\/index.php\/wp-json\/wp\/v2\/posts\/24154\/revisions"}],"predecessor-version":[{"id":24157,"href":"https:\/\/www.portalalerta.com.br\/index.php\/wp-json\/wp\/v2\/posts\/24154\/revisions\/24157"}],"wp:featuredmedia":[{"embeddable":true,"href":"https:\/\/www.portalalerta.com.br\/index.php\/wp-json\/wp\/v2\/media\/5772"}],"wp:attachment":[{"href":"https:\/\/www.portalalerta.com.br\/index.php\/wp-json\/wp\/v2\/media?parent=24154"}],"wp:term":[{"taxonomy":"category","embeddable":true,"href":"https:\/\/www.portalalerta.com.br\/index.php\/wp-json\/wp\/v2\/categories?post=24154"},{"taxonomy":"post_tag","embeddable":true,"href":"https:\/\/www.portalalerta.com.br\/index.php\/wp-json\/wp\/v2\/tags?post=24154"}],"curies":[{"name":"wp","href":"https:\/\/api.w.org\/{rel}","templated":true}]}}