{"id":24163,"date":"2020-05-14T12:53:54","date_gmt":"2020-05-14T15:53:54","guid":{"rendered":"https:\/\/www.portalalerta.com.br\/?p=24163"},"modified":"2020-05-14T12:53:54","modified_gmt":"2020-05-14T15:53:54","slug":"crivella-e-impedido-de-instalar-tomografo-em-igreja-universal-aparelho-vai-para-a-rocinha","status":"publish","type":"post","link":"https:\/\/www.portalalerta.com.br\/index.php\/2020\/05\/14\/crivella-e-impedido-de-instalar-tomografo-em-igreja-universal-aparelho-vai-para-a-rocinha\/","title":{"rendered":"Crivella \u00e9 impedido de instalar tom\u00f3grafo em Igreja Universal; aparelho vai para a Rocinha"},"content":{"rendered":"<p style=\"text-align: justify;\">O prefeito do Rio de Janeiro foi proibido de instalar um tom\u00f3grafo no terreno da Igreja Universal do Reino de Deus na G\u00e1vea, Zona Sul da cidade. A decis\u00e3o foi tomada pela Justi\u00e7a municipal na \u00faltima quarta-feira.<!--more--><\/p>\n<p style=\"text-align: justify;\">A a\u00e7\u00e3o para impedir a instala\u00e7\u00e3o foi movida por lideran\u00e7as comunit\u00e1rias. A decis\u00e3o \u00e9 liminar e suspende a montagem do equipamento no local.<\/p>\n<p style=\"text-align: justify;\">Inicialmente, o tom\u00f3grafo deveria ser instalado em uma Unidade de Pronto Atendimento na comunidade da Rocinha. A decis\u00e3o de colocar o aparelho na Igreja teve como argumento que o local fica mais perto da esta\u00e7\u00e3o de metr\u00f4 do bairro da G\u00e1vea.<\/p>\n<p style=\"text-align: justify;\"><img fetchpriority=\"high\" decoding=\"async\" class=\"size-thumbnail wp-image-23589 aligncenter\" src=\"https:\/\/www.portalalerta.com.br\/wp-content\/uploads\/2020\/04\/real-acordo-720x93.jpg\" alt=\"\" width=\"720\" height=\"93\" \/>Segundo a Justi\u00e7a Municipal, instalar um equipamento p\u00fablico em \u00e1rea privada \u00e9 lesivo. Assim, o tom\u00f3grafo deve ser instalado na UPA da Rocinha, destino inicial do aparelho.<\/p>\n<p style=\"text-align: justify;\">Na decis\u00e3o, divulgada pelo G1, a Justi\u00e7a afirma que \u201ctais equipamentos s\u00e3o adquiridos pelo Poder P\u00fablico com destina\u00e7\u00e3o espec\u00edfica, n\u00e3o sendo razo\u00e1vel supor sua instala\u00e7\u00e3o em local diverso, privado, agravado pelo fato de ser uma Igreja de onde o Sr. Prefeito \u00e9 bispo licenciado, evidenciando o fumus boni iuris\u201d. A prefeitura do Rio de Janeiro vai recorrer.<\/p>\n<p style=\"text-align: justify;\">Antes da decis\u00e3o, moradores da Rocinha fizeram um abaixo-assinado para impedir que o tom\u00f3grafo fosse instalado na Igreja Universal, em vez de ir para a comunidade.<\/p>\n<p style=\"text-align: justify;\"><em>Fonte: Yahoo Not\u00edcias<\/em><\/p>\n","protected":false},"excerpt":{"rendered":"<p>O prefeito do Rio de Janeiro foi proibido de instalar um tom\u00f3grafo no terreno da Igreja Universal do Reino de Deus na G\u00e1vea, Zona Sul da cidade. A decis\u00e3o foi tomada pela Justi\u00e7a municipal na \u00faltima quarta-feira.<\/p>\n","protected":false},"author":2,"featured_media":10479,"comment_status":"open","ping_status":"open","sticky":false,"template":"","format":"standard","meta":{"om_disable_all_campaigns":false,"_monsterinsights_skip_tracking":false,"_monsterinsights_sitenote_active":false,"_monsterinsights_sitenote_note":"","_monsterinsights_sitenote_category":0,"footnotes":""},"categories":[34,70,69,21,19],"tags":[93,270,808,198],"class_list":["post-24163","post","type-post","status-publish","format-standard","has-post-thumbnail","hentry","category-brasil","category-destaques","category-noticias2","category-politica","category-saude","tag-brasil","tag-justica","tag-marcelo-crivella","tag-prefeito"],"aioseo_notices":[],"_links":{"self":[{"href":"https:\/\/www.portalalerta.com.br\/index.php\/wp-json\/wp\/v2\/posts\/24163","targetHints":{"allow":["GET"]}}],"collection":[{"href":"https:\/\/www.portalalerta.com.br\/index.php\/wp-json\/wp\/v2\/posts"}],"about":[{"href":"https:\/\/www.portalalerta.com.br\/index.php\/wp-json\/wp\/v2\/types\/post"}],"author":[{"embeddable":true,"href":"https:\/\/www.portalalerta.com.br\/index.php\/wp-json\/wp\/v2\/users\/2"}],"replies":[{"embeddable":true,"href":"https:\/\/www.portalalerta.com.br\/index.php\/wp-json\/wp\/v2\/comments?post=24163"}],"version-history":[{"count":1,"href":"https:\/\/www.portalalerta.com.br\/index.php\/wp-json\/wp\/v2\/posts\/24163\/revisions"}],"predecessor-version":[{"id":24164,"href":"https:\/\/www.portalalerta.com.br\/index.php\/wp-json\/wp\/v2\/posts\/24163\/revisions\/24164"}],"wp:featuredmedia":[{"embeddable":true,"href":"https:\/\/www.portalalerta.com.br\/index.php\/wp-json\/wp\/v2\/media\/10479"}],"wp:attachment":[{"href":"https:\/\/www.portalalerta.com.br\/index.php\/wp-json\/wp\/v2\/media?parent=24163"}],"wp:term":[{"taxonomy":"category","embeddable":true,"href":"https:\/\/www.portalalerta.com.br\/index.php\/wp-json\/wp\/v2\/categories?post=24163"},{"taxonomy":"post_tag","embeddable":true,"href":"https:\/\/www.portalalerta.com.br\/index.php\/wp-json\/wp\/v2\/tags?post=24163"}],"curies":[{"name":"wp","href":"https:\/\/api.w.org\/{rel}","templated":true}]}}