{"id":24165,"date":"2020-05-14T13:07:03","date_gmt":"2020-05-14T16:07:03","guid":{"rendered":"https:\/\/www.portalalerta.com.br\/?p=24165"},"modified":"2020-05-14T13:07:03","modified_gmt":"2020-05-14T16:07:03","slug":"ribeira-do-pombal-ba-confirma-mais-dois-casos-de-covid-19","status":"publish","type":"post","link":"https:\/\/www.portalalerta.com.br\/index.php\/2020\/05\/14\/ribeira-do-pombal-ba-confirma-mais-dois-casos-de-covid-19\/","title":{"rendered":"Ribeira do Pombal-BA confirma mais dois casos de Covid-19"},"content":{"rendered":"<p style=\"text-align: justify;\">Na manh\u00e3 desta quinta-feira, 14, a Secretaria Municipal de Sa\u00fade divulgou uma nota, em que confirma mais dois casos de Covid-19 (Coronav\u00edrus) na cidade.<!--more--><\/p>\n<p style=\"text-align: justify;\"><img fetchpriority=\"high\" decoding=\"async\" class=\"size-thumbnail wp-image-9394 alignleft\" src=\"https:\/\/www.portalalerta.com.br\/wp-content\/uploads\/2018\/07\/05elab-320x240.jpg\" alt=\"\" width=\"320\" height=\"240\" srcset=\"https:\/\/www.portalalerta.com.br\/wp-content\/uploads\/2018\/07\/05elab-320x240.jpg 320w, https:\/\/www.portalalerta.com.br\/wp-content\/uploads\/2018\/07\/05elab-195x146.jpg 195w, https:\/\/www.portalalerta.com.br\/wp-content\/uploads\/2018\/07\/05elab-50x38.jpg 50w, https:\/\/www.portalalerta.com.br\/wp-content\/uploads\/2018\/07\/05elab-100x75.jpg 100w, https:\/\/www.portalalerta.com.br\/wp-content\/uploads\/2018\/07\/05elab.jpg 400w\" sizes=\"(max-width: 320px) 100vw, 320px\" \/>De acordo com o documento, um dos pacientes \u00e9 um jovem de 27 anos de idade, sem comorbidades e teve contato domiciliar com outro paciente infectado, e confirmado anteriormente no munic\u00edpio. A outra confirma\u00e7\u00e3o, trata-se de uma jovem de 22 anos de idade, oriunda do estado de Sergipe, e que assim como o primeiro caso, n\u00e3o possui comorbidades.<\/p>\n<p>&nbsp;<\/p>\n<p style=\"text-align: justify;\">Ambos os pacientes, se encontram est\u00e1veis, cumprindo isolamento domiciliar, assim como seus familiares, sendo monitorados pela Vigil\u00e2ncia Epidemiol\u00f3gica. Ainda em nota, a Secretaria afirma que todas as medidas cab\u00edveis foram adotadas desde quando surgiu a suspeita diagn\u00f3stica. <strong>Confira a nota:<\/strong><\/p>\n<p style=\"text-align: justify;\"><img decoding=\"async\" class=\"aligncenter wp-image-24166\" src=\"https:\/\/www.portalalerta.com.br\/wp-content\/uploads\/2020\/05\/coronavirus-em-Ribeira-do-Pombal.4-240x240.jpeg\" alt=\"\" width=\"500\" height=\"500\" srcset=\"https:\/\/www.portalalerta.com.br\/wp-content\/uploads\/2020\/05\/coronavirus-em-Ribeira-do-Pombal.4-240x240.jpeg 240w, https:\/\/www.portalalerta.com.br\/wp-content\/uploads\/2020\/05\/coronavirus-em-Ribeira-do-Pombal.4-1024x1024.jpeg 1024w, https:\/\/www.portalalerta.com.br\/wp-content\/uploads\/2020\/05\/coronavirus-em-Ribeira-do-Pombal.4-768x768.jpeg 768w, https:\/\/www.portalalerta.com.br\/wp-content\/uploads\/2020\/05\/coronavirus-em-Ribeira-do-Pombal.4-146x146.jpeg 146w, https:\/\/www.portalalerta.com.br\/wp-content\/uploads\/2020\/05\/coronavirus-em-Ribeira-do-Pombal.4-50x50.jpeg 50w, https:\/\/www.portalalerta.com.br\/wp-content\/uploads\/2020\/05\/coronavirus-em-Ribeira-do-Pombal.4-75x75.jpeg 75w, https:\/\/www.portalalerta.com.br\/wp-content\/uploads\/2020\/05\/coronavirus-em-Ribeira-do-Pombal.4-85x85.jpeg 85w, https:\/\/www.portalalerta.com.br\/wp-content\/uploads\/2020\/05\/coronavirus-em-Ribeira-do-Pombal.4-80x80.jpeg 80w, https:\/\/www.portalalerta.com.br\/wp-content\/uploads\/2020\/05\/coronavirus-em-Ribeira-do-Pombal.4.jpeg 1080w\" sizes=\"(max-width: 500px) 100vw, 500px\" \/><\/p>\n<p style=\"text-align: justify;\">Desta forma, Ribeira do Pombal se encontra com oito casos confirmados, sendo que destes, 01 paciente foi curada, 01 paciente morreu, e 06 permanecem em isolamento domiciliar adotando os procedimentos adequados.<\/p>\n<p style=\"text-align: justify;\"><em>Reda\u00e7\u00e3o: Portal Alerta<\/em><\/p>\n<p style=\"text-align: justify;\"><strong><em>#fiqueemcasa<\/em><\/strong><\/p>\n","protected":false},"excerpt":{"rendered":"<p>Na manh\u00e3 desta quinta-feira, 14, a Secretaria Municipal de Sa\u00fade divulgou uma nota, em que confirma mais dois casos de Covid-19 (Coronav\u00edrus) na cidade.<\/p>\n","protected":false},"author":2,"featured_media":3952,"comment_status":"open","ping_status":"open","sticky":false,"template":"","format":"standard","meta":{"om_disable_all_campaigns":false,"_monsterinsights_skip_tracking":false,"_monsterinsights_sitenote_active":false,"_monsterinsights_sitenote_note":"","_monsterinsights_sitenote_category":0,"footnotes":""},"categories":[70,69,32,3,19],"tags":[3429,3486,3560,47,61,433],"class_list":["post-24165","post","type-post","status-publish","format-standard","has-post-thumbnail","hentry","category-destaques","category-noticias2","category-regiao","category-ribeira-do-pombal","category-saude","tag-coronavirus","tag-covid-19","tag-infectados","tag-ribeira-do-pombal","tag-saude","tag-secretaria-de-saude"],"aioseo_notices":[],"_links":{"self":[{"href":"https:\/\/www.portalalerta.com.br\/index.php\/wp-json\/wp\/v2\/posts\/24165","targetHints":{"allow":["GET"]}}],"collection":[{"href":"https:\/\/www.portalalerta.com.br\/index.php\/wp-json\/wp\/v2\/posts"}],"about":[{"href":"https:\/\/www.portalalerta.com.br\/index.php\/wp-json\/wp\/v2\/types\/post"}],"author":[{"embeddable":true,"href":"https:\/\/www.portalalerta.com.br\/index.php\/wp-json\/wp\/v2\/users\/2"}],"replies":[{"embeddable":true,"href":"https:\/\/www.portalalerta.com.br\/index.php\/wp-json\/wp\/v2\/comments?post=24165"}],"version-history":[{"count":1,"href":"https:\/\/www.portalalerta.com.br\/index.php\/wp-json\/wp\/v2\/posts\/24165\/revisions"}],"predecessor-version":[{"id":24167,"href":"https:\/\/www.portalalerta.com.br\/index.php\/wp-json\/wp\/v2\/posts\/24165\/revisions\/24167"}],"wp:featuredmedia":[{"embeddable":true,"href":"https:\/\/www.portalalerta.com.br\/index.php\/wp-json\/wp\/v2\/media\/3952"}],"wp:attachment":[{"href":"https:\/\/www.portalalerta.com.br\/index.php\/wp-json\/wp\/v2\/media?parent=24165"}],"wp:term":[{"taxonomy":"category","embeddable":true,"href":"https:\/\/www.portalalerta.com.br\/index.php\/wp-json\/wp\/v2\/categories?post=24165"},{"taxonomy":"post_tag","embeddable":true,"href":"https:\/\/www.portalalerta.com.br\/index.php\/wp-json\/wp\/v2\/tags?post=24165"}],"curies":[{"name":"wp","href":"https:\/\/api.w.org\/{rel}","templated":true}]}}