{"id":24169,"date":"2020-05-14T14:52:34","date_gmt":"2020-05-14T17:52:34","guid":{"rendered":"https:\/\/www.portalalerta.com.br\/?p=24169"},"modified":"2020-05-14T14:52:34","modified_gmt":"2020-05-14T17:52:34","slug":"bolsonaro-insiste-em-reabertura-e-diz-a-governadores-estou-pronto-para-conversar","status":"publish","type":"post","link":"https:\/\/www.portalalerta.com.br\/index.php\/2020\/05\/14\/bolsonaro-insiste-em-reabertura-e-diz-a-governadores-estou-pronto-para-conversar\/","title":{"rendered":"Bolsonaro insiste em reabertura e diz a governadores: \u201cEstou pronto para conversar\u201d"},"content":{"rendered":"<p style=\"text-align: justify;\">O presidente\u00a0Jair Bolsonaro\u00a0(sem partido) voltou a defender a retomada da economia em meio \u00e0\u00a0crise do novo coronav\u00edrus. \u201cEssa hist\u00f3ria de\u00a0lockdown&#8230; V\u00e3o fechar tudo? N\u00e3o \u00e9 esse o caminho\u201d, afirmou o presidente ao deixar o Pal\u00e1cio da Alvorada nesta manh\u00e3.<!--more--><\/p>\n<p style=\"text-align: justify;\">\u201cVai virar um pa\u00eds de pobres\u201d, disse o presidente. Bolsonaro ainda afirmou que n\u00e3o ser\u00e1 f\u00e1cil se recuperar economicamente e que, se as atividades econ\u00f4micas n\u00e3o forem retomadas, o Brasil se tornar\u00e1 um pa\u00eds da \u00c1frica subsaariana.<\/p>\n<p style=\"text-align: justify;\">O presidente pediu aos governadores que revejam as medidas adotadas e afirmou que est\u00e1 aberto ao di\u00e1logo. \u201cUm apelo que fa\u00e7o aos governadores: revejam essa pol\u00edtica. Estou pronto para conversar. Vamos preservar a vida? Vamos. Mas, dessa forma, o pre\u00e7o l\u00e1 na frente ser\u00e3o centenas de mais vidas que vamos perder por causa dessas medidas absurdas de fechar tudo\u201d, disse.<\/p>\n<p style=\"text-align: justify;\"><img fetchpriority=\"high\" decoding=\"async\" class=\"size-thumbnail wp-image-4869 aligncenter\" src=\"https:\/\/www.portalalerta.com.br\/wp-content\/uploads\/2018\/02\/Auto-Escola-Nobre-720x181.jpg\" alt=\"\" width=\"720\" height=\"181\" srcset=\"https:\/\/www.portalalerta.com.br\/wp-content\/uploads\/2018\/02\/Auto-Escola-Nobre.jpg 720w, https:\/\/www.portalalerta.com.br\/wp-content\/uploads\/2018\/02\/Auto-Escola-Nobre-260x65.jpg 260w, https:\/\/www.portalalerta.com.br\/wp-content\/uploads\/2018\/02\/Auto-Escola-Nobre-50x13.jpg 50w, https:\/\/www.portalalerta.com.br\/wp-content\/uploads\/2018\/02\/Auto-Escola-Nobre-150x38.jpg 150w\" sizes=\"(max-width: 720px) 100vw, 720px\" \/>Apesar do decreto do presidente de tornar academias, barbearias e sal\u00f5es de beleza servi\u00e7os essenciais, diversos governadores se recusaram a reabrir esses estabelecimentos.<\/p>\n<p style=\"text-align: justify;\">No Brasil, foram registradas 749 mortes nas \u00faltimas 24 horas. No total, s\u00e3o mais de 13 mil v\u00edtimas da Covid-19.<\/p>\n<p style=\"text-align: justify;\">O presidente ainda mencionou o exemplo da Su\u00e9cia, onde n\u00e3o houve quarentena obrigat\u00f3ria, ou lockdown. No pa\u00eds europeu, h\u00e1 mais de 28 mil infectados e mais de 3,5 mil mortes pela Covid-19.<\/p>\n<p style=\"text-align: justify;\"><em>Fonte: Yahoo Not\u00edcias<\/em><\/p>\n","protected":false},"excerpt":{"rendered":"<p>O presidente\u00a0Jair Bolsonaro\u00a0(sem partido) voltou a defender a retomada da economia em meio \u00e0\u00a0crise do novo coronav\u00edrus. \u201cEssa hist\u00f3ria de\u00a0lockdown&#8230; V\u00e3o fechar tudo? N\u00e3o \u00e9 esse o caminho\u201d, afirmou o presidente ao deixar o Pal\u00e1cio da Alvorada nesta manh\u00e3.<\/p>\n","protected":false},"author":2,"featured_media":21002,"comment_status":"open","ping_status":"open","sticky":false,"template":"","format":"standard","meta":{"om_disable_all_campaigns":false,"_monsterinsights_skip_tracking":false,"_monsterinsights_sitenote_active":false,"_monsterinsights_sitenote_note":"","_monsterinsights_sitenote_category":0,"footnotes":""},"categories":[34,70,69,21,19],"tags":[93,3531,1395,199,61],"class_list":["post-24169","post","type-post","status-publish","format-standard","has-post-thumbnail","hentry","category-brasil","category-destaques","category-noticias2","category-politica","category-saude","tag-brasil","tag-isolamento-social","tag-jair-bolsonaro","tag-politica","tag-saude"],"aioseo_notices":[],"_links":{"self":[{"href":"https:\/\/www.portalalerta.com.br\/index.php\/wp-json\/wp\/v2\/posts\/24169","targetHints":{"allow":["GET"]}}],"collection":[{"href":"https:\/\/www.portalalerta.com.br\/index.php\/wp-json\/wp\/v2\/posts"}],"about":[{"href":"https:\/\/www.portalalerta.com.br\/index.php\/wp-json\/wp\/v2\/types\/post"}],"author":[{"embeddable":true,"href":"https:\/\/www.portalalerta.com.br\/index.php\/wp-json\/wp\/v2\/users\/2"}],"replies":[{"embeddable":true,"href":"https:\/\/www.portalalerta.com.br\/index.php\/wp-json\/wp\/v2\/comments?post=24169"}],"version-history":[{"count":1,"href":"https:\/\/www.portalalerta.com.br\/index.php\/wp-json\/wp\/v2\/posts\/24169\/revisions"}],"predecessor-version":[{"id":24170,"href":"https:\/\/www.portalalerta.com.br\/index.php\/wp-json\/wp\/v2\/posts\/24169\/revisions\/24170"}],"wp:featuredmedia":[{"embeddable":true,"href":"https:\/\/www.portalalerta.com.br\/index.php\/wp-json\/wp\/v2\/media\/21002"}],"wp:attachment":[{"href":"https:\/\/www.portalalerta.com.br\/index.php\/wp-json\/wp\/v2\/media?parent=24169"}],"wp:term":[{"taxonomy":"category","embeddable":true,"href":"https:\/\/www.portalalerta.com.br\/index.php\/wp-json\/wp\/v2\/categories?post=24169"},{"taxonomy":"post_tag","embeddable":true,"href":"https:\/\/www.portalalerta.com.br\/index.php\/wp-json\/wp\/v2\/tags?post=24169"}],"curies":[{"name":"wp","href":"https:\/\/api.w.org\/{rel}","templated":true}]}}