{"id":24171,"date":"2020-05-14T15:03:17","date_gmt":"2020-05-14T18:03:17","guid":{"rendered":"https:\/\/www.portalalerta.com.br\/?p=24171"},"modified":"2020-05-14T15:03:17","modified_gmt":"2020-05-14T18:03:17","slug":"comercio-de-euclides-da-cunha-ba-e-fechado-apos-a-confirmacao-do-2o-caso-de-covid-19","status":"publish","type":"post","link":"https:\/\/www.portalalerta.com.br\/index.php\/2020\/05\/14\/comercio-de-euclides-da-cunha-ba-e-fechado-apos-a-confirmacao-do-2o-caso-de-covid-19\/","title":{"rendered":"Com\u00e9rcio de Euclides da Cunha-BA \u00e9 fechado ap\u00f3s a confirma\u00e7\u00e3o do 2\u00ba caso de Covid-19"},"content":{"rendered":"<p style=\"text-align: justify;\">Com a confirma\u00e7\u00e3o na tarde de quarta-feira, 13 de maio, de mais um caso de Covid-19, sendo o segundo no munic\u00edpio, e a suspeita de novos outros, a Prefeitura decidiu fechar todo o com\u00e9rcio por dois dias (14 e 15 de maio), incluindo estabelecimentos banc\u00e1rios e de servi\u00e7os\u00a0de atendimento por meio de delivery.\u00a0<!--more--><\/p>\n<p style=\"text-align: justify;\"><img fetchpriority=\"high\" decoding=\"async\" class=\"size-thumbnail wp-image-23589 aligncenter\" src=\"https:\/\/www.portalalerta.com.br\/wp-content\/uploads\/2020\/04\/real-acordo-720x93.jpg\" alt=\"\" width=\"720\" height=\"93\" \/>S\u00f3 est\u00e3o autorizados a abrir postos de combust\u00edveis e farm\u00e1cias, que dever\u00e3o funcionar, exclusivamente, para a comercializa\u00e7\u00e3o de medicamentos, n\u00e3o sendo permitida a realiza\u00e7\u00e3o de servi\u00e7os de correspondente banc\u00e1rio.<\/p>\n<p style=\"text-align: justify;\">O novo decreto (n\u00ba 1901) prev\u00ea, ainda, a obrigatoriedade do uso de m\u00e1scaras nas vias p\u00fablicas e no interior dos ve\u00edculos. A Prefeitura j\u00e1 havia antecipado, desde o dia 24 de abril, com a publica\u00e7\u00e3o do\u00a0<a href=\"https:\/\/euclidesdacunha.ba.gov.br\/arquivos\/73\/decreto_1894.pdf\">Decreto Municipal n\u00ba 1894 (Art. 25)<\/a>\u00a0a possibilidade de fechamento imediato do com\u00e9rcio se surgisse novos casos confirmados no munic\u00edpio.\u00a0<a href=\"https:\/\/euclidesdacunha.ba.gov.br\/arquivos\/84\/decreto_n1901.pdf\"><strong>CLIQUE AQUI<\/strong>\u00a0<\/a>\u00a0e leia o documento na \u00edntegra.<\/p>\n<p style=\"text-align: justify;\"><em>Fonte: Joilson Costa<\/em><\/p>\n<p style=\"text-align: justify;\"><em>Com informa\u00e7\u00f5es: ASCOM PMEC<\/em><\/p>\n","protected":false},"excerpt":{"rendered":"<p>Com a confirma\u00e7\u00e3o na tarde de quarta-feira, 13 de maio, de mais um caso de Covid-19, sendo o segundo no munic\u00edpio, e a suspeita de novos outros, a Prefeitura decidiu fechar todo o com\u00e9rcio por dois dias (14 e 15 de maio), incluindo estabelecimentos banc\u00e1rios e de servi\u00e7os\u00a0de atendimento por meio de delivery.\u00a0<\/p>\n","protected":false},"author":2,"featured_media":24172,"comment_status":"open","ping_status":"open","sticky":false,"template":"","format":"standard","meta":{"om_disable_all_campaigns":false,"_monsterinsights_skip_tracking":false,"_monsterinsights_sitenote_active":false,"_monsterinsights_sitenote_note":"","_monsterinsights_sitenote_category":0,"footnotes":""},"categories":[70,17,69,32,19],"tags":[3429,3486,2991,108,129,61],"class_list":["post-24171","post","type-post","status-publish","format-standard","has-post-thumbnail","hentry","category-destaques","category-euclides-da-cunha","category-noticias2","category-regiao","category-saude","tag-coronavirus","tag-covid-19","tag-decreto-municipal","tag-estabelecimento-comercial","tag-euclides-da-cunha","tag-saude"],"aioseo_notices":[],"_links":{"self":[{"href":"https:\/\/www.portalalerta.com.br\/index.php\/wp-json\/wp\/v2\/posts\/24171","targetHints":{"allow":["GET"]}}],"collection":[{"href":"https:\/\/www.portalalerta.com.br\/index.php\/wp-json\/wp\/v2\/posts"}],"about":[{"href":"https:\/\/www.portalalerta.com.br\/index.php\/wp-json\/wp\/v2\/types\/post"}],"author":[{"embeddable":true,"href":"https:\/\/www.portalalerta.com.br\/index.php\/wp-json\/wp\/v2\/users\/2"}],"replies":[{"embeddable":true,"href":"https:\/\/www.portalalerta.com.br\/index.php\/wp-json\/wp\/v2\/comments?post=24171"}],"version-history":[{"count":1,"href":"https:\/\/www.portalalerta.com.br\/index.php\/wp-json\/wp\/v2\/posts\/24171\/revisions"}],"predecessor-version":[{"id":24173,"href":"https:\/\/www.portalalerta.com.br\/index.php\/wp-json\/wp\/v2\/posts\/24171\/revisions\/24173"}],"wp:featuredmedia":[{"embeddable":true,"href":"https:\/\/www.portalalerta.com.br\/index.php\/wp-json\/wp\/v2\/media\/24172"}],"wp:attachment":[{"href":"https:\/\/www.portalalerta.com.br\/index.php\/wp-json\/wp\/v2\/media?parent=24171"}],"wp:term":[{"taxonomy":"category","embeddable":true,"href":"https:\/\/www.portalalerta.com.br\/index.php\/wp-json\/wp\/v2\/categories?post=24171"},{"taxonomy":"post_tag","embeddable":true,"href":"https:\/\/www.portalalerta.com.br\/index.php\/wp-json\/wp\/v2\/tags?post=24171"}],"curies":[{"name":"wp","href":"https:\/\/api.w.org\/{rel}","templated":true}]}}