{"id":24174,"date":"2020-05-14T15:10:20","date_gmt":"2020-05-14T18:10:20","guid":{"rendered":"https:\/\/www.portalalerta.com.br\/?p=24174"},"modified":"2020-05-14T15:10:20","modified_gmt":"2020-05-14T18:10:20","slug":"nao-houve-mandantes-na-facada-contra-bolsonaro-e-adelio-agiu-sozinho-conclui-pf","status":"publish","type":"post","link":"https:\/\/www.portalalerta.com.br\/index.php\/2020\/05\/14\/nao-houve-mandantes-na-facada-contra-bolsonaro-e-adelio-agiu-sozinho-conclui-pf\/","title":{"rendered":"N\u00e3o houve mandantes na facada contra Bolsonaro e Ad\u00e9lio agiu sozinho, conclui PF"},"content":{"rendered":"<p style=\"text-align: justify;\">A Pol\u00edcia Federal (PF) concluiu em um segundo inqu\u00e9rito que\u00a0n\u00e3o houve mandantes no ataque com faca contra\u00a0Jair Bolsonaro\u00a0em Juiz de Fora (MG) durante a campanha presidencial de 2018.<!--more--><\/p>\n<p style=\"text-align: justify;\">De acordo com a investiga\u00e7\u00e3o, o autor da facada,\u00a0Ad\u00e9lio Bispo de Oliveira, agiu sozinho, por iniciativa pr\u00f3pria e sem ajuda de terceiros, tendo sido respons\u00e1vel pelo planejamento e execu\u00e7\u00e3o da a\u00e7\u00e3o criminosa.<\/p>\n<p style=\"text-align: justify;\"><img fetchpriority=\"high\" decoding=\"async\" class=\"size-thumbnail wp-image-9394 alignleft\" src=\"https:\/\/www.portalalerta.com.br\/wp-content\/uploads\/2018\/07\/05elab-320x240.jpg\" alt=\"\" width=\"320\" height=\"240\" srcset=\"https:\/\/www.portalalerta.com.br\/wp-content\/uploads\/2018\/07\/05elab-320x240.jpg 320w, https:\/\/www.portalalerta.com.br\/wp-content\/uploads\/2018\/07\/05elab-195x146.jpg 195w, https:\/\/www.portalalerta.com.br\/wp-content\/uploads\/2018\/07\/05elab-50x38.jpg 50w, https:\/\/www.portalalerta.com.br\/wp-content\/uploads\/2018\/07\/05elab-100x75.jpg 100w, https:\/\/www.portalalerta.com.br\/wp-content\/uploads\/2018\/07\/05elab.jpg 400w\" sizes=\"(max-width: 320px) 100vw, 320px\" \/>Segundo as investiga\u00e7\u00f5es, n\u00e3o foram comprovadas a participa\u00e7\u00e3o de agremia\u00e7\u00f5es partid\u00e1rias, fac\u00e7\u00f5es criminosas, grupos terroristas ou mesmo paramilitares em qualquer fase do crime.<\/p>\n<p style=\"text-align: justify;\">O primeiro inqu\u00e9rito sobre o epis\u00f3dio tinha sido\u00a0conclu\u00eddo em setembro de 2018 e j\u00e1 considerou que Ad\u00e9lio Bispo agiu sozinho no momento do ataque e que sua motiva\u00e7\u00e3o foi \u201cindubitavelmente pol\u00edtica\u201d. Ele foi indiciado por pr\u00e1tica de atentado pessoal por inconformismo pol\u00edtico.<\/p>\n<p style=\"text-align: justify;\">A segunda apura\u00e7\u00e3o foi feita para assegurar que n\u00e3o houve a participa\u00e7\u00e3o de terceiros, com a participa\u00e7\u00e3o de um eventual mandante, que agora ficou descartada<\/p>\n<p style=\"text-align: justify;\"><em>Fonte: Yahoo Not\u00edcias<\/em><\/p>\n","protected":false},"excerpt":{"rendered":"<p>A Pol\u00edcia Federal (PF) concluiu em um segundo inqu\u00e9rito que\u00a0n\u00e3o houve mandantes no ataque com faca contra\u00a0Jair Bolsonaro\u00a0em Juiz de Fora (MG) durante a campanha presidencial de 2018.<\/p>\n","protected":false},"author":2,"featured_media":16410,"comment_status":"open","ping_status":"open","sticky":false,"template":"","format":"standard","meta":{"om_disable_all_campaigns":false,"_monsterinsights_skip_tracking":false,"_monsterinsights_sitenote_active":false,"_monsterinsights_sitenote_note":"","_monsterinsights_sitenote_category":0,"footnotes":""},"categories":[34,70,69,21,22],"tags":[1643,374,93,492,1649,1395,173],"class_list":["post-24174","post","type-post","status-publish","format-standard","has-post-thumbnail","hentry","category-brasil","category-destaques","category-noticias2","category-politica","category-seguranca","tag-adelio-bispo","tag-atentado","tag-brasil","tag-facada","tag-inquerito","tag-jair-bolsonaro","tag-policia-federal"],"aioseo_notices":[],"_links":{"self":[{"href":"https:\/\/www.portalalerta.com.br\/index.php\/wp-json\/wp\/v2\/posts\/24174","targetHints":{"allow":["GET"]}}],"collection":[{"href":"https:\/\/www.portalalerta.com.br\/index.php\/wp-json\/wp\/v2\/posts"}],"about":[{"href":"https:\/\/www.portalalerta.com.br\/index.php\/wp-json\/wp\/v2\/types\/post"}],"author":[{"embeddable":true,"href":"https:\/\/www.portalalerta.com.br\/index.php\/wp-json\/wp\/v2\/users\/2"}],"replies":[{"embeddable":true,"href":"https:\/\/www.portalalerta.com.br\/index.php\/wp-json\/wp\/v2\/comments?post=24174"}],"version-history":[{"count":1,"href":"https:\/\/www.portalalerta.com.br\/index.php\/wp-json\/wp\/v2\/posts\/24174\/revisions"}],"predecessor-version":[{"id":24175,"href":"https:\/\/www.portalalerta.com.br\/index.php\/wp-json\/wp\/v2\/posts\/24174\/revisions\/24175"}],"wp:featuredmedia":[{"embeddable":true,"href":"https:\/\/www.portalalerta.com.br\/index.php\/wp-json\/wp\/v2\/media\/16410"}],"wp:attachment":[{"href":"https:\/\/www.portalalerta.com.br\/index.php\/wp-json\/wp\/v2\/media?parent=24174"}],"wp:term":[{"taxonomy":"category","embeddable":true,"href":"https:\/\/www.portalalerta.com.br\/index.php\/wp-json\/wp\/v2\/categories?post=24174"},{"taxonomy":"post_tag","embeddable":true,"href":"https:\/\/www.portalalerta.com.br\/index.php\/wp-json\/wp\/v2\/tags?post=24174"}],"curies":[{"name":"wp","href":"https:\/\/api.w.org\/{rel}","templated":true}]}}