{"id":24176,"date":"2020-05-14T15:21:32","date_gmt":"2020-05-14T18:21:32","guid":{"rendered":"https:\/\/www.portalalerta.com.br\/?p=24176"},"modified":"2020-05-14T15:21:32","modified_gmt":"2020-05-14T18:21:32","slug":"prefeitura-de-ribeira-do-pombal-ba-volta-a-cancelar-feiras-no-municipio","status":"publish","type":"post","link":"https:\/\/www.portalalerta.com.br\/index.php\/2020\/05\/14\/prefeitura-de-ribeira-do-pombal-ba-volta-a-cancelar-feiras-no-municipio\/","title":{"rendered":"Prefeitura de Ribeira do Pombal-BA volta a cancelar feiras no munic\u00edpio"},"content":{"rendered":"<p style=\"text-align: justify;\">Ap\u00f3s a divulga\u00e7\u00e3o do <a href=\"https:\/\/www.portalalerta.com.br\/index.php\/2020\/05\/14\/ribeira-do-pombal-ba-confirma-mais-dois-casos-de-covid-19\/\"><strong>oitavo caso de Covid-19 (Coronav\u00edrus) no munic\u00edpio<\/strong><\/a>, a prefeitura de Ribeira do Pombal-BA voltou a cancelar a realiza\u00e7\u00e3o das feiras livre e de animais, entre os dias 14 e 15 do corrente m\u00eas.<!--more--><\/p>\n<p style=\"text-align: justify;\"><img fetchpriority=\"high\" decoding=\"async\" class=\"size-thumbnail wp-image-4869 aligncenter\" src=\"https:\/\/www.portalalerta.com.br\/wp-content\/uploads\/2018\/02\/Auto-Escola-Nobre-720x181.jpg\" alt=\"\" width=\"720\" height=\"181\" srcset=\"https:\/\/www.portalalerta.com.br\/wp-content\/uploads\/2018\/02\/Auto-Escola-Nobre.jpg 720w, https:\/\/www.portalalerta.com.br\/wp-content\/uploads\/2018\/02\/Auto-Escola-Nobre-260x65.jpg 260w, https:\/\/www.portalalerta.com.br\/wp-content\/uploads\/2018\/02\/Auto-Escola-Nobre-50x13.jpg 50w, https:\/\/www.portalalerta.com.br\/wp-content\/uploads\/2018\/02\/Auto-Escola-Nobre-150x38.jpg 150w\" sizes=\"(max-width: 720px) 100vw, 720px\" \/>A medida foi publicada nos canais de comunica\u00e7\u00e3o do munic\u00edpio, em car\u00e1ter de urg\u00eancia, tendo em vista que existia a possibilidade da realiza\u00e7\u00e3o da feira-livre, j\u00e1 nesta quinta-feira, 14.<\/p>\n<p style=\"text-align: justify;\">At\u00e9 o momento do fechamento desta mat\u00e9ria, n\u00e3o foi publicado nenhum Decreto no Di\u00e1rio Oficial do Munic\u00edpio.<\/p>\n<p style=\"text-align: justify;\"><em>Reda\u00e7\u00e3o: Portal Alerta<\/em><\/p>\n<p style=\"text-align: justify;\"><strong><em>#fiqueemcasa<\/em><\/strong><\/p>\n","protected":false},"excerpt":{"rendered":"<p>Ap\u00f3s a divulga\u00e7\u00e3o do oitavo caso de Covid-19 (Coronav\u00edrus) no munic\u00edpio, a prefeitura de Ribeira do Pombal-BA voltou a cancelar a realiza\u00e7\u00e3o das feiras livre e de animais, entre os dias 14 e 15 do corrente m\u00eas.<\/p>\n","protected":false},"author":2,"featured_media":22458,"comment_status":"open","ping_status":"open","sticky":false,"template":"","format":"standard","meta":{"om_disable_all_campaigns":false,"_monsterinsights_skip_tracking":false,"_monsterinsights_sitenote_active":false,"_monsterinsights_sitenote_note":"","_monsterinsights_sitenote_category":0,"footnotes":""},"categories":[70,69,32,3,19],"tags":[3429,3486,3608,1308,145,47],"class_list":["post-24176","post","type-post","status-publish","format-standard","has-post-thumbnail","hentry","category-destaques","category-noticias2","category-regiao","category-ribeira-do-pombal","category-saude","tag-coronavirus","tag-covid-19","tag-feira-de-animais","tag-feira-livre","tag-prefeitura","tag-ribeira-do-pombal"],"aioseo_notices":[],"_links":{"self":[{"href":"https:\/\/www.portalalerta.com.br\/index.php\/wp-json\/wp\/v2\/posts\/24176","targetHints":{"allow":["GET"]}}],"collection":[{"href":"https:\/\/www.portalalerta.com.br\/index.php\/wp-json\/wp\/v2\/posts"}],"about":[{"href":"https:\/\/www.portalalerta.com.br\/index.php\/wp-json\/wp\/v2\/types\/post"}],"author":[{"embeddable":true,"href":"https:\/\/www.portalalerta.com.br\/index.php\/wp-json\/wp\/v2\/users\/2"}],"replies":[{"embeddable":true,"href":"https:\/\/www.portalalerta.com.br\/index.php\/wp-json\/wp\/v2\/comments?post=24176"}],"version-history":[{"count":1,"href":"https:\/\/www.portalalerta.com.br\/index.php\/wp-json\/wp\/v2\/posts\/24176\/revisions"}],"predecessor-version":[{"id":24177,"href":"https:\/\/www.portalalerta.com.br\/index.php\/wp-json\/wp\/v2\/posts\/24176\/revisions\/24177"}],"wp:featuredmedia":[{"embeddable":true,"href":"https:\/\/www.portalalerta.com.br\/index.php\/wp-json\/wp\/v2\/media\/22458"}],"wp:attachment":[{"href":"https:\/\/www.portalalerta.com.br\/index.php\/wp-json\/wp\/v2\/media?parent=24176"}],"wp:term":[{"taxonomy":"category","embeddable":true,"href":"https:\/\/www.portalalerta.com.br\/index.php\/wp-json\/wp\/v2\/categories?post=24176"},{"taxonomy":"post_tag","embeddable":true,"href":"https:\/\/www.portalalerta.com.br\/index.php\/wp-json\/wp\/v2\/tags?post=24176"}],"curies":[{"name":"wp","href":"https:\/\/api.w.org\/{rel}","templated":true}]}}