{"id":24181,"date":"2020-05-14T17:55:52","date_gmt":"2020-05-14T20:55:52","guid":{"rendered":"https:\/\/www.portalalerta.com.br\/?p=24181"},"modified":"2020-05-14T17:55:52","modified_gmt":"2020-05-14T20:55:52","slug":"chefe-do-trafico-de-drogas-em-tucano-ba-morre-em-confronto-com-a-policia-em-feira-de-santana-ba","status":"publish","type":"post","link":"https:\/\/www.portalalerta.com.br\/index.php\/2020\/05\/14\/chefe-do-trafico-de-drogas-em-tucano-ba-morre-em-confronto-com-a-policia-em-feira-de-santana-ba\/","title":{"rendered":"Chefe do tr\u00e1fico de drogas em Tucano-BA morre em confronto com a pol\u00edcia em Feira de Santana-BA"},"content":{"rendered":"<p style=\"text-align: justify;\">Um homem de 35 anos morreu, na manh\u00e3 desta quarta-feira (13), no bairro Avi\u00e1rio, em Feira de Santana, durante uma opera\u00e7\u00e3o conjunta entre policiais civis da 1\u00aa Coordenadoria de Pol\u00edcia do Interior (1\u00aa Coorpin) e policiais militares (Rondep Leste, 65 e 66\u00aa CIPM e Cipe Nordeste). A opera\u00e7\u00e3o foi deflagrada para cumprir um mandado de pris\u00e3o em desfavor do mesmo.<!--more--><\/p>\n<p style=\"text-align: justify;\">Segundo a Pol\u00edcia, o ex-presidi\u00e1rio Jadson Silva Soares, conhecido como Americano, resistiu a a\u00e7\u00e3o policial, efetuando disparos de arma de fogo contra os militares, que revidaram. Ele foi atingido e socorrido para o Hospital Geral Cl\u00e9riston Andrade, onde morreu.<\/p>\n<p style=\"text-align: justify;\"><img fetchpriority=\"high\" decoding=\"async\" class=\"size-thumbnail wp-image-4869 aligncenter\" src=\"https:\/\/www.portalalerta.com.br\/wp-content\/uploads\/2018\/02\/Auto-Escola-Nobre-720x181.jpg\" alt=\"\" width=\"720\" height=\"181\" srcset=\"https:\/\/www.portalalerta.com.br\/wp-content\/uploads\/2018\/02\/Auto-Escola-Nobre.jpg 720w, https:\/\/www.portalalerta.com.br\/wp-content\/uploads\/2018\/02\/Auto-Escola-Nobre-260x65.jpg 260w, https:\/\/www.portalalerta.com.br\/wp-content\/uploads\/2018\/02\/Auto-Escola-Nobre-50x13.jpg 50w, https:\/\/www.portalalerta.com.br\/wp-content\/uploads\/2018\/02\/Auto-Escola-Nobre-150x38.jpg 150w\" sizes=\"(max-width: 720px) 100vw, 720px\" \/>Segundo a pol\u00edcia, o homem morava em um residencial no bairro Avi\u00e1rio, onde a troca de tiros aconteceu. Com ele os policiais apreenderam uma pistola Taurus, calibre .380, com carregador, muni\u00e7\u00f5es do mesmo calibre, e 7,4 Kg de coca\u00edna.<\/p>\n<p style=\"text-align: justify;\">Ainda segundo a pol\u00edcia, Jadson cumpriu pena no pres\u00eddio de Paulo de Afonso por tr\u00e1fico de drogas, quando foi preso numa resid\u00eancia situada no centro de Ribeira do Pombal-BA. Ap\u00f3s obter liberdade condicional, <a href=\"https:\/\/www.portalalerta.com.br\/index.php\/2019\/05\/20\/em-liberdade-condicional-criminoso-volta-a-ser-preso-ao-ser-flagrado-com-arma-de-fogo-em-tucano-ba\/\"><strong>foi preso novamente ap\u00f3s ser flagrado armado com uma pistola calibre .40 no munic\u00edpio de Tucano-BA<\/strong><\/a>.<\/p>\n<p style=\"text-align: justify;\"><em><img decoding=\"async\" class=\"aligncenter wp-image-17176 size-full\" src=\"https:\/\/www.portalalerta.com.br\/wp-content\/uploads\/2019\/05\/Jadson-Silva-Soares-Americano.jpeg\" alt=\"\" width=\"405\" height=\"350\" srcset=\"https:\/\/www.portalalerta.com.br\/wp-content\/uploads\/2019\/05\/Jadson-Silva-Soares-Americano.jpeg 405w, https:\/\/www.portalalerta.com.br\/wp-content\/uploads\/2019\/05\/Jadson-Silva-Soares-Americano-278x240.jpeg 278w, https:\/\/www.portalalerta.com.br\/wp-content\/uploads\/2019\/05\/Jadson-Silva-Soares-Americano-169x146.jpeg 169w, https:\/\/www.portalalerta.com.br\/wp-content\/uploads\/2019\/05\/Jadson-Silva-Soares-Americano-50x43.jpeg 50w, https:\/\/www.portalalerta.com.br\/wp-content\/uploads\/2019\/05\/Jadson-Silva-Soares-Americano-87x75.jpeg 87w\" sizes=\"(max-width: 405px) 100vw, 405px\" \/>Fonte: Gil Santos<\/em><\/p>\n<p style=\"text-align: justify;\"><em>Com informa\u00e7\u00f5es: Acorda Cidade \u00a0<\/em><\/p>\n","protected":false},"excerpt":{"rendered":"<p>Um homem de 35 anos morreu, na manh\u00e3 desta quarta-feira (13), no bairro Avi\u00e1rio, em Feira de Santana, durante uma opera\u00e7\u00e3o conjunta entre policiais civis da 1\u00aa Coordenadoria de Pol\u00edcia do Interior (1\u00aa Coorpin) e policiais militares (Rondep Leste, 65 e 66\u00aa CIPM e Cipe Nordeste). A opera\u00e7\u00e3o foi deflagrada para cumprir um mandado de &hellip;<\/p>\n","protected":false},"author":2,"featured_media":24182,"comment_status":"open","ping_status":"open","sticky":false,"template":"","format":"standard","meta":{"om_disable_all_campaigns":false,"_monsterinsights_skip_tracking":false,"_monsterinsights_sitenote_active":false,"_monsterinsights_sitenote_note":"","_monsterinsights_sitenote_category":0,"footnotes":""},"categories":[70,69,32,22,12],"tags":[178,377,169,79,201,197,190],"class_list":["post-24181","post","type-post","status-publish","format-standard","has-post-thumbnail","hentry","category-destaques","category-noticias2","category-regiao","category-seguranca","category-tucano","tag-confronto","tag-feira-de-santana","tag-morte","tag-policia-militar","tag-rondesp","tag-traficante","tag-tucano"],"aioseo_notices":[],"_links":{"self":[{"href":"https:\/\/www.portalalerta.com.br\/index.php\/wp-json\/wp\/v2\/posts\/24181","targetHints":{"allow":["GET"]}}],"collection":[{"href":"https:\/\/www.portalalerta.com.br\/index.php\/wp-json\/wp\/v2\/posts"}],"about":[{"href":"https:\/\/www.portalalerta.com.br\/index.php\/wp-json\/wp\/v2\/types\/post"}],"author":[{"embeddable":true,"href":"https:\/\/www.portalalerta.com.br\/index.php\/wp-json\/wp\/v2\/users\/2"}],"replies":[{"embeddable":true,"href":"https:\/\/www.portalalerta.com.br\/index.php\/wp-json\/wp\/v2\/comments?post=24181"}],"version-history":[{"count":1,"href":"https:\/\/www.portalalerta.com.br\/index.php\/wp-json\/wp\/v2\/posts\/24181\/revisions"}],"predecessor-version":[{"id":24183,"href":"https:\/\/www.portalalerta.com.br\/index.php\/wp-json\/wp\/v2\/posts\/24181\/revisions\/24183"}],"wp:featuredmedia":[{"embeddable":true,"href":"https:\/\/www.portalalerta.com.br\/index.php\/wp-json\/wp\/v2\/media\/24182"}],"wp:attachment":[{"href":"https:\/\/www.portalalerta.com.br\/index.php\/wp-json\/wp\/v2\/media?parent=24181"}],"wp:term":[{"taxonomy":"category","embeddable":true,"href":"https:\/\/www.portalalerta.com.br\/index.php\/wp-json\/wp\/v2\/categories?post=24181"},{"taxonomy":"post_tag","embeddable":true,"href":"https:\/\/www.portalalerta.com.br\/index.php\/wp-json\/wp\/v2\/tags?post=24181"}],"curies":[{"name":"wp","href":"https:\/\/api.w.org\/{rel}","templated":true}]}}