{"id":24184,"date":"2020-05-14T18:10:55","date_gmt":"2020-05-14T21:10:55","guid":{"rendered":"https:\/\/www.portalalerta.com.br\/?p=24184"},"modified":"2020-05-14T18:10:55","modified_gmt":"2020-05-14T21:10:55","slug":"coronavirus-bolsonaro-edita-mp-que-livra-agente-publico-de-punicao-no-enfrentamento-da-pandemia","status":"publish","type":"post","link":"https:\/\/www.portalalerta.com.br\/index.php\/2020\/05\/14\/coronavirus-bolsonaro-edita-mp-que-livra-agente-publico-de-punicao-no-enfrentamento-da-pandemia\/","title":{"rendered":"Coronav\u00edrus: Bolsonaro edita MP que livra agente p\u00fablico de puni\u00e7\u00e3o no enfrentamento da pandemia"},"content":{"rendered":"<p style=\"text-align: justify;\">Jair Bolsonaro\u00a0(sem partido) editou uma Medida Provis\u00f3ria (MP) que livra de responsabilidade um agente p\u00fablico que cometer um erro nas a\u00e7\u00f5es de combate \u00e0\u00a0pandemia do novo coronav\u00edrus.<!--more--><\/p>\n<p style=\"text-align: justify;\">A medida foi publicada nas primeiras horas desta quinta-feira (14) no Di\u00e1rio Oficial da Uni\u00e3o. O documento \u00e9 assinado pelo presidente e tamb\u00e9m por\u00a0Paulo Guedes\u00a0(Economia) e Wagner de Campos Ros\u00e1rio (Controladoria-Geral da Uni\u00e3o).<\/p>\n<p style=\"text-align: justify;\">Como toda MP, o texto entrou em vigor imediatamente, mas precisa ser aprovado pelo Congresso Nacional para n\u00e3o perder a validade.<\/p>\n<p style=\"text-align: justify;\">Texto diz que agentes p\u00fablicos somente poder\u00e3o ser culpabilizados nas esferas civil e administrativa ou se agirem com dolo (inten\u00e7\u00e3o de causar dano) ou se omitirem.<\/p>\n<p style=\"text-align: justify;\">Outro trecho prev\u00ea que os agentes<img fetchpriority=\"high\" decoding=\"async\" class=\"size-thumbnail wp-image-9394 alignleft\" src=\"https:\/\/www.portalalerta.com.br\/wp-content\/uploads\/2018\/07\/05elab-320x240.jpg\" alt=\"\" width=\"320\" height=\"240\" srcset=\"https:\/\/www.portalalerta.com.br\/wp-content\/uploads\/2018\/07\/05elab-320x240.jpg 320w, https:\/\/www.portalalerta.com.br\/wp-content\/uploads\/2018\/07\/05elab-195x146.jpg 195w, https:\/\/www.portalalerta.com.br\/wp-content\/uploads\/2018\/07\/05elab-50x38.jpg 50w, https:\/\/www.portalalerta.com.br\/wp-content\/uploads\/2018\/07\/05elab-100x75.jpg 100w, https:\/\/www.portalalerta.com.br\/wp-content\/uploads\/2018\/07\/05elab.jpg 400w\" sizes=\"(max-width: 320px) 100vw, 320px\" \/> sejam responsabilizados se cometerem erro grosseiro pela pr\u00e1ticas de atos relacionados, direta ou indiretamente com enfrentamento da emerg\u00eancia de sa\u00fade p\u00fablica decorrente da pandemia e combate aos efeitos econ\u00f4micos e sociais decorrentes da pandemia.<\/p>\n<p style=\"text-align: justify;\">A defini\u00e7\u00e3o de erro grosseiro na MP se d\u00e1 como uma a\u00e7\u00e3o ou omiss\u00e3o com alto grau de neglig\u00eancia, imprud\u00eancia ou imper\u00edcia. O texto destaca que, na an\u00e1lise, dever\u00e1 ser levada em conta diversos fatores, entre eles \u201co contexto de incerteza acerca das medidas mais adequadas para enfrentamento da pandemia\u201d.<\/p>\n<p style=\"text-align: justify;\"><strong>Confira a \u00edntegra da MP:<\/strong><\/p>\n<p style=\"text-align: justify;\"><strong><em>MP n\u00ba 966, de 13 de maio de 2020<\/em><\/strong><\/p>\n<p style=\"text-align: justify;\"><em>Disp\u00f5e sobre a responsabiliza\u00e7\u00e3o de agentes p\u00fablicos por a\u00e7\u00e3o e omiss\u00e3o em atos relacionados com a pandemia dacovid-19.<\/em><\/p>\n<p style=\"text-align: justify;\"><em>O PRESIDENTE DA REP\u00daBLICA, no uso da atribui\u00e7\u00e3o que lhe confere o art. 62 da Constitui\u00e7\u00e3o, adota a seguinte Medida Provis\u00f3ria, com for\u00e7a de lei:<\/em><\/p>\n<p style=\"text-align: justify;\"><strong><em>Art. 1\u00ba<\/em><\/strong><em>\u00a0Os agentes p\u00fablicos somente poder\u00e3o ser responsabilizados nas esferas civil e administrativa se agirem ou se omitirem com dolo ou erro grosseiro pela pr\u00e1tica de atos relacionados, direta ou indiretamente, com as medidas de:<\/em><\/p>\n<ul style=\"text-align: justify;\">\n<li><em>I &#8211; enfrentamento da emerg\u00eancia de sa\u00fade p\u00fablica decorrente da pandemia dacovid-19; e<\/em><\/li>\n<li><em>II &#8211; combate aos efeitos econ\u00f4micos e sociais decorrentes da pandemia dacovid-19.<\/em><\/li>\n<li><strong><em> 1\u00ba<\/em><\/strong><em>A responsabiliza\u00e7\u00e3o pela opini\u00e3o t\u00e9cnica n\u00e3o se estender\u00e1 de forma autom\u00e1tica ao decisor que a houver adotado como fundamento de decidir e somente se configurar\u00e1:<\/em><\/li>\n<li><em>I &#8211; se estiverem presentes elementos suficientes para o decisor aferir o dolo ou o erro grosseiro da opini\u00e3o t\u00e9cnica; ou<\/em><\/li>\n<li><em>II &#8211; se houver conluio entre os agentes.<\/em><\/li>\n<li><strong><em> 2\u00ba<\/em><\/strong><em>O mero nexo de causalidade entre a conduta e o resultado danoso n\u00e3o implica responsabiliza\u00e7\u00e3o do agente p\u00fablico.<\/em><\/li>\n<\/ul>\n<p style=\"text-align: justify;\"><strong><em>Art. 2\u00ba<\/em><\/strong><em>\u00a0Para fins do disposto nesta Medida Provis\u00f3ria, considera-se erro grosseiro o erro manifesto, evidente e inescus\u00e1vel praticado com culpa grave, caracterizado por a\u00e7\u00e3o ou omiss\u00e3o com elevado grau de neglig\u00eancia, imprud\u00eancia ou imper\u00edcia.<\/em><\/p>\n<p style=\"text-align: justify;\"><strong><em>Art. 3\u00ba<\/em><\/strong><em>\u00a0Na aferi\u00e7\u00e3o da ocorr\u00eancia do erro grosseiro ser\u00e3o considerados:<\/em><\/p>\n<ul style=\"text-align: justify;\">\n<li><em>I &#8211; os obst\u00e1culos e as dificuldades reais do agente p\u00fablico;<\/em><\/li>\n<li><em>II &#8211; a complexidade da mat\u00e9ria e das atribui\u00e7\u00f5es exercidas pelo agente p\u00fablico;<\/em><\/li>\n<li><em>III &#8211; a circunst\u00e2ncia de incompletude de informa\u00e7\u00f5es na situa\u00e7\u00e3o de urg\u00eancia ou emerg\u00eancia;<\/em><\/li>\n<li><em>IV &#8211; as circunst\u00e2ncias pr\u00e1ticas que houverem imposto, limitado ou condicionado a a\u00e7\u00e3o ou a omiss\u00e3o do agente p\u00fablico; e<\/em><\/li>\n<li><em>V &#8211; o contexto de incerteza acerca das medidas mais adequadas para enfrentamento da pandemia da Covid-19 e das suas consequ\u00eancias, inclusive as econ\u00f4micas.<\/em><\/li>\n<\/ul>\n<p style=\"text-align: justify;\"><strong><em>Art. 4\u00ba<\/em><\/strong><em>\u00a0Esta Medida Provis\u00f3ria entra em vigor na data de sua publica\u00e7\u00e3o.<\/em><\/p>\n<p style=\"text-align: justify;\"><em>Bras\u00edlia, 13 de maio de 2020; 199\u00ba da Independ\u00eancia e 132\u00ba da Rep\u00fablica.<\/em><\/p>\n<p style=\"text-align: justify;\"><em>JAIR MESSIAS BOLSONARO<\/em><\/p>\n<p style=\"text-align: justify;\"><em>Paulo Guedes<\/em><\/p>\n<p style=\"text-align: justify;\"><em>Wagner de Campos Ros\u00e1rio<\/em><\/p>\n<p style=\"text-align: justify;\">\n<p style=\"text-align: justify;\"><em>Fonte: Yahoo Not\u00edcias<\/em><\/p>\n","protected":false},"excerpt":{"rendered":"<p>Jair Bolsonaro\u00a0(sem partido) editou uma Medida Provis\u00f3ria (MP) que livra de responsabilidade um agente p\u00fablico que cometer um erro nas a\u00e7\u00f5es de combate \u00e0\u00a0pandemia do novo coronav\u00edrus.<\/p>\n","protected":false},"author":2,"featured_media":23571,"comment_status":"open","ping_status":"open","sticky":false,"template":"","format":"standard","meta":{"om_disable_all_campaigns":false,"_monsterinsights_skip_tracking":false,"_monsterinsights_sitenote_active":false,"_monsterinsights_sitenote_note":"","_monsterinsights_sitenote_category":0,"footnotes":""},"categories":[34,70,69,21,19],"tags":[93,1395,3061,1152,61],"class_list":["post-24184","post","type-post","status-publish","format-standard","has-post-thumbnail","hentry","category-brasil","category-destaques","category-noticias2","category-politica","category-saude","tag-brasil","tag-jair-bolsonaro","tag-medida-provisoria","tag-presidente-da-republica","tag-saude"],"aioseo_notices":[],"_links":{"self":[{"href":"https:\/\/www.portalalerta.com.br\/index.php\/wp-json\/wp\/v2\/posts\/24184","targetHints":{"allow":["GET"]}}],"collection":[{"href":"https:\/\/www.portalalerta.com.br\/index.php\/wp-json\/wp\/v2\/posts"}],"about":[{"href":"https:\/\/www.portalalerta.com.br\/index.php\/wp-json\/wp\/v2\/types\/post"}],"author":[{"embeddable":true,"href":"https:\/\/www.portalalerta.com.br\/index.php\/wp-json\/wp\/v2\/users\/2"}],"replies":[{"embeddable":true,"href":"https:\/\/www.portalalerta.com.br\/index.php\/wp-json\/wp\/v2\/comments?post=24184"}],"version-history":[{"count":1,"href":"https:\/\/www.portalalerta.com.br\/index.php\/wp-json\/wp\/v2\/posts\/24184\/revisions"}],"predecessor-version":[{"id":24185,"href":"https:\/\/www.portalalerta.com.br\/index.php\/wp-json\/wp\/v2\/posts\/24184\/revisions\/24185"}],"wp:featuredmedia":[{"embeddable":true,"href":"https:\/\/www.portalalerta.com.br\/index.php\/wp-json\/wp\/v2\/media\/23571"}],"wp:attachment":[{"href":"https:\/\/www.portalalerta.com.br\/index.php\/wp-json\/wp\/v2\/media?parent=24184"}],"wp:term":[{"taxonomy":"category","embeddable":true,"href":"https:\/\/www.portalalerta.com.br\/index.php\/wp-json\/wp\/v2\/categories?post=24184"},{"taxonomy":"post_tag","embeddable":true,"href":"https:\/\/www.portalalerta.com.br\/index.php\/wp-json\/wp\/v2\/tags?post=24184"}],"curies":[{"name":"wp","href":"https:\/\/api.w.org\/{rel}","templated":true}]}}