{"id":24194,"date":"2020-05-14T22:55:34","date_gmt":"2020-05-15T01:55:34","guid":{"rendered":"https:\/\/www.portalalerta.com.br\/?p=24194"},"modified":"2020-05-14T22:55:34","modified_gmt":"2020-05-15T01:55:34","slug":"e-guerra-precisamos-jogar-pesado-contra-os-governadores-diz-bolsonaro-a-empresarios","status":"publish","type":"post","link":"https:\/\/www.portalalerta.com.br\/index.php\/2020\/05\/14\/e-guerra-precisamos-jogar-pesado-contra-os-governadores-diz-bolsonaro-a-empresarios\/","title":{"rendered":"&#8220;\u00c9 guerra, precisamos jogar pesado contra os governadores&#8221;, diz Bolsonaro a empres\u00e1rios"},"content":{"rendered":"<p style=\"text-align: justify;\">O\u00a0presidente Jair Bolsonaro\u00a0(sem partido) partiu para o ataque contra governadores que est\u00e3o tendo atitudes diferentes das suas na quest\u00e3o do combate ao\u00a0novo coronav\u00edrus. Seus maiores alvos ultimamente s\u00e3o: Jo\u00e3o Doria e Wilson Witzel, que comandam S\u00e3o Paulo e Rio de Janeiro, respectivamente.<!--more--><\/p>\n<p style=\"text-align: justify;\"><img fetchpriority=\"high\" decoding=\"async\" class=\"size-thumbnail wp-image-9394 alignleft\" src=\"https:\/\/www.portalalerta.com.br\/wp-content\/uploads\/2018\/07\/05elab-320x240.jpg\" alt=\"\" width=\"320\" height=\"240\" srcset=\"https:\/\/www.portalalerta.com.br\/wp-content\/uploads\/2018\/07\/05elab-320x240.jpg 320w, https:\/\/www.portalalerta.com.br\/wp-content\/uploads\/2018\/07\/05elab-195x146.jpg 195w, https:\/\/www.portalalerta.com.br\/wp-content\/uploads\/2018\/07\/05elab-50x38.jpg 50w, https:\/\/www.portalalerta.com.br\/wp-content\/uploads\/2018\/07\/05elab-100x75.jpg 100w, https:\/\/www.portalalerta.com.br\/wp-content\/uploads\/2018\/07\/05elab.jpg 400w\" sizes=\"(max-width: 320px) 100vw, 320px\" \/>Nesta quinta, em videoconfer\u00eancia organizada pelo presidente da Fiesp, Paulo Skaf (aliado de Bolsonaro), o chefe do Executivo pediu a um grupo de empres\u00e1rios a reabertura do com\u00e9rcio, disse que \u00e9 \u201cguerra\u201d e que o empresariado precisa \u201cjogar pesado\u201d com os governadores. As informa\u00e7\u00f5es s\u00e3o da Folha de S.Paulo.<\/p>\n<p style=\"text-align: justify;\">\u201cUm homem est\u00e1 decidindo o futuro de S\u00e3o Paulo, decidindo o futuro da economia do Brasil\u201d, disse o presidente em refer\u00eancia ao governador Jo\u00e3o Doria (PSDB). \u201cOs senhores, com todo o respeito, t\u00eam que chamar o governador e jogar pesado. Jogar pesado, porque a quest\u00e3o \u00e9 s\u00e9ria, \u00e9 guerra\u201d, falou.<\/p>\n<p style=\"text-align: justify;\">&#8220;N\u00f3s temos que mostrar a cara, botar a cara para apanhar. Porque n\u00f3s devemos mostrar a consequ\u00eancia l\u00e1 na frente. L\u00e1 na frente, eu tenho falado com o ministro Fernando [Azevedo], da Defesa&#8230; os problemas v\u00e3o come\u00e7ar a acontecer. De caos, saque a supermercados, desobedi\u00eancia civil. N\u00e3o adianta querer convocar as For\u00e7as Armadas porque n\u00e3o existe gente para tanta GLO [Garantia da Lei e da Ordem].&#8221;<\/p>\n<p style=\"text-align: justify;\">Mais cedo, na frente do Pal\u00e1cio da Alvorada, Bolsonaro fez outro apelo pela reabertura do com\u00e9rcio e disse que est\u00e1 pronto para\u00a0<strong><a href=\"https:\/\/www.portalalerta.com.br\/index.php\/2020\/05\/14\/bolsonaro-insiste-em-reabertura-e-diz-a-governadores-estou-pronto-para-conversar\/\">\u201cconversar\u201d com os governadores<\/a><\/strong>.<\/p>\n<p style=\"text-align: justify;\"><em>Fonte: Yahoo Not\u00edcias<\/em><\/p>\n","protected":false},"excerpt":{"rendered":"<p>O\u00a0presidente Jair Bolsonaro\u00a0(sem partido) partiu para o ataque contra governadores que est\u00e3o tendo atitudes diferentes das suas na quest\u00e3o do combate ao\u00a0novo coronav\u00edrus. Seus maiores alvos ultimamente s\u00e3o: Jo\u00e3o Doria e Wilson Witzel, que comandam S\u00e3o Paulo e Rio de Janeiro, respectivamente.<\/p>\n","protected":false},"author":2,"featured_media":23983,"comment_status":"open","ping_status":"open","sticky":false,"template":"","format":"standard","meta":{"om_disable_all_campaigns":false,"_monsterinsights_skip_tracking":false,"_monsterinsights_sitenote_active":false,"_monsterinsights_sitenote_note":"","_monsterinsights_sitenote_category":0,"footnotes":""},"categories":[34,70,69,21,19],"tags":[93,3429,3486,1137,1667,887,1395,61],"class_list":["post-24194","post","type-post","status-publish","format-standard","has-post-thumbnail","hentry","category-brasil","category-destaques","category-noticias2","category-politica","category-saude","tag-brasil","tag-coronavirus","tag-covid-19","tag-economia","tag-empresarios","tag-governadores","tag-jair-bolsonaro","tag-saude"],"aioseo_notices":[],"_links":{"self":[{"href":"https:\/\/www.portalalerta.com.br\/index.php\/wp-json\/wp\/v2\/posts\/24194","targetHints":{"allow":["GET"]}}],"collection":[{"href":"https:\/\/www.portalalerta.com.br\/index.php\/wp-json\/wp\/v2\/posts"}],"about":[{"href":"https:\/\/www.portalalerta.com.br\/index.php\/wp-json\/wp\/v2\/types\/post"}],"author":[{"embeddable":true,"href":"https:\/\/www.portalalerta.com.br\/index.php\/wp-json\/wp\/v2\/users\/2"}],"replies":[{"embeddable":true,"href":"https:\/\/www.portalalerta.com.br\/index.php\/wp-json\/wp\/v2\/comments?post=24194"}],"version-history":[{"count":1,"href":"https:\/\/www.portalalerta.com.br\/index.php\/wp-json\/wp\/v2\/posts\/24194\/revisions"}],"predecessor-version":[{"id":24195,"href":"https:\/\/www.portalalerta.com.br\/index.php\/wp-json\/wp\/v2\/posts\/24194\/revisions\/24195"}],"wp:featuredmedia":[{"embeddable":true,"href":"https:\/\/www.portalalerta.com.br\/index.php\/wp-json\/wp\/v2\/media\/23983"}],"wp:attachment":[{"href":"https:\/\/www.portalalerta.com.br\/index.php\/wp-json\/wp\/v2\/media?parent=24194"}],"wp:term":[{"taxonomy":"category","embeddable":true,"href":"https:\/\/www.portalalerta.com.br\/index.php\/wp-json\/wp\/v2\/categories?post=24194"},{"taxonomy":"post_tag","embeddable":true,"href":"https:\/\/www.portalalerta.com.br\/index.php\/wp-json\/wp\/v2\/tags?post=24194"}],"curies":[{"name":"wp","href":"https:\/\/api.w.org\/{rel}","templated":true}]}}