{"id":24196,"date":"2020-05-14T23:07:49","date_gmt":"2020-05-15T02:07:49","guid":{"rendered":"https:\/\/www.portalalerta.com.br\/?p=24196"},"modified":"2020-05-14T23:07:49","modified_gmt":"2020-05-15T02:07:49","slug":"banzae-ba-registra-o-primeiro-caso-de-covid-19","status":"publish","type":"post","link":"https:\/\/www.portalalerta.com.br\/index.php\/2020\/05\/14\/banzae-ba-registra-o-primeiro-caso-de-covid-19\/","title":{"rendered":"Banza\u00ea-BA registra o primeiro caso de Covid-19"},"content":{"rendered":"<p style=\"text-align: justify;\">No in\u00edcio da tarde desta quinta-feira, 14, a Secretaria Municipal de Sa\u00fade de Banza\u00ea-BA, divulgou uma nota confirmando o primeiro caso de Covid-19 (Coronav\u00edrus) na cidade.<!--more--><\/p>\n<p style=\"text-align: justify;\"><img fetchpriority=\"high\" decoding=\"async\" class=\"size-thumbnail wp-image-4869 aligncenter\" src=\"https:\/\/www.portalalerta.com.br\/wp-content\/uploads\/2018\/02\/Auto-Escola-Nobre-720x181.jpg\" alt=\"\" width=\"720\" height=\"181\" srcset=\"https:\/\/www.portalalerta.com.br\/wp-content\/uploads\/2018\/02\/Auto-Escola-Nobre.jpg 720w, https:\/\/www.portalalerta.com.br\/wp-content\/uploads\/2018\/02\/Auto-Escola-Nobre-260x65.jpg 260w, https:\/\/www.portalalerta.com.br\/wp-content\/uploads\/2018\/02\/Auto-Escola-Nobre-50x13.jpg 50w, https:\/\/www.portalalerta.com.br\/wp-content\/uploads\/2018\/02\/Auto-Escola-Nobre-150x38.jpg 150w\" sizes=\"(max-width: 720px) 100vw, 720px\" \/>De acordo com o documento, o(a) paciente tem 37 anos de idade, e chegou a pouco tempo do estado de S\u00e3o Paulo. O(a) mesmo(a) apresentou sintomas leves da doen\u00e7a, por\u00e9m n\u00e3o faz parte do grupo de risco, tendo o seu estado cl\u00ednico considerado est\u00e1vel. No momento se encontra em isolamento, sendo monitorado(a) pela equipe de sa\u00fade.<\/p>\n<p style=\"text-align: justify;\"><strong>Confira a nota:<\/strong><\/p>\n<p style=\"text-align: justify;\"><em><img decoding=\"async\" class=\"aligncenter wp-image-24197 size-full\" src=\"https:\/\/www.portalalerta.com.br\/wp-content\/uploads\/2020\/05\/Coronavirus-em-Banza\u00ea-2020.jpeg\" alt=\"\" width=\"720\" height=\"720\" srcset=\"https:\/\/www.portalalerta.com.br\/wp-content\/uploads\/2020\/05\/Coronavirus-em-Banza\u00ea-2020.jpeg 720w, https:\/\/www.portalalerta.com.br\/wp-content\/uploads\/2020\/05\/Coronavirus-em-Banza\u00ea-2020-240x240.jpeg 240w, https:\/\/www.portalalerta.com.br\/wp-content\/uploads\/2020\/05\/Coronavirus-em-Banza\u00ea-2020-146x146.jpeg 146w, https:\/\/www.portalalerta.com.br\/wp-content\/uploads\/2020\/05\/Coronavirus-em-Banza\u00ea-2020-50x50.jpeg 50w, https:\/\/www.portalalerta.com.br\/wp-content\/uploads\/2020\/05\/Coronavirus-em-Banza\u00ea-2020-75x75.jpeg 75w, https:\/\/www.portalalerta.com.br\/wp-content\/uploads\/2020\/05\/Coronavirus-em-Banza\u00ea-2020-85x85.jpeg 85w, https:\/\/www.portalalerta.com.br\/wp-content\/uploads\/2020\/05\/Coronavirus-em-Banza\u00ea-2020-80x80.jpeg 80w\" sizes=\"(max-width: 720px) 100vw, 720px\" \/>Reda\u00e7\u00e3o: Portal Alerta<\/em><\/p>\n<p><strong><em>#fiqueemcasa<\/em><\/strong><\/p>\n","protected":false},"excerpt":{"rendered":"<p>No in\u00edcio da tarde desta quinta-feira, 14, a Secretaria Municipal de Sa\u00fade de Banza\u00ea-BA, divulgou uma nota confirmando o primeiro caso de Covid-19 (Coronav\u00edrus) na cidade.<\/p>\n","protected":false},"author":2,"featured_media":24198,"comment_status":"open","ping_status":"open","sticky":false,"template":"","format":"standard","meta":{"om_disable_all_campaigns":false,"_monsterinsights_skip_tracking":false,"_monsterinsights_sitenote_active":false,"_monsterinsights_sitenote_note":"","_monsterinsights_sitenote_category":0,"footnotes":""},"categories":[39,70,69,32,19],"tags":[49,3429,3486,61,433],"class_list":["post-24196","post","type-post","status-publish","format-standard","has-post-thumbnail","hentry","category-banzae","category-destaques","category-noticias2","category-regiao","category-saude","tag-banzae","tag-coronavirus","tag-covid-19","tag-saude","tag-secretaria-de-saude"],"aioseo_notices":[],"_links":{"self":[{"href":"https:\/\/www.portalalerta.com.br\/index.php\/wp-json\/wp\/v2\/posts\/24196","targetHints":{"allow":["GET"]}}],"collection":[{"href":"https:\/\/www.portalalerta.com.br\/index.php\/wp-json\/wp\/v2\/posts"}],"about":[{"href":"https:\/\/www.portalalerta.com.br\/index.php\/wp-json\/wp\/v2\/types\/post"}],"author":[{"embeddable":true,"href":"https:\/\/www.portalalerta.com.br\/index.php\/wp-json\/wp\/v2\/users\/2"}],"replies":[{"embeddable":true,"href":"https:\/\/www.portalalerta.com.br\/index.php\/wp-json\/wp\/v2\/comments?post=24196"}],"version-history":[{"count":1,"href":"https:\/\/www.portalalerta.com.br\/index.php\/wp-json\/wp\/v2\/posts\/24196\/revisions"}],"predecessor-version":[{"id":24199,"href":"https:\/\/www.portalalerta.com.br\/index.php\/wp-json\/wp\/v2\/posts\/24196\/revisions\/24199"}],"wp:featuredmedia":[{"embeddable":true,"href":"https:\/\/www.portalalerta.com.br\/index.php\/wp-json\/wp\/v2\/media\/24198"}],"wp:attachment":[{"href":"https:\/\/www.portalalerta.com.br\/index.php\/wp-json\/wp\/v2\/media?parent=24196"}],"wp:term":[{"taxonomy":"category","embeddable":true,"href":"https:\/\/www.portalalerta.com.br\/index.php\/wp-json\/wp\/v2\/categories?post=24196"},{"taxonomy":"post_tag","embeddable":true,"href":"https:\/\/www.portalalerta.com.br\/index.php\/wp-json\/wp\/v2\/tags?post=24196"}],"curies":[{"name":"wp","href":"https:\/\/api.w.org\/{rel}","templated":true}]}}