{"id":24200,"date":"2020-05-14T23:18:25","date_gmt":"2020-05-15T02:18:25","guid":{"rendered":"https:\/\/www.portalalerta.com.br\/?p=24200"},"modified":"2020-05-14T23:18:25","modified_gmt":"2020-05-15T02:18:25","slug":"coronavirus-senado-aprova-projeto-que-suspende-cobrancas-do-fies-ate-31-de-dezembro","status":"publish","type":"post","link":"https:\/\/www.portalalerta.com.br\/index.php\/2020\/05\/14\/coronavirus-senado-aprova-projeto-que-suspende-cobrancas-do-fies-ate-31-de-dezembro\/","title":{"rendered":"Coronav\u00edrus: Senado aprova projeto que suspende cobran\u00e7as do Fies at\u00e9 31 de dezembro"},"content":{"rendered":"<p style=\"text-align: justify;\">O Senado aprovou na \u00faltima ter\u00e7a-feira (12) o projeto que suspende a cobran\u00e7a das mensalidades do Fundo de Financiamento ao Estudante do Ensino Superior (Fies) at\u00e9 31 de dezembro em raz\u00e3o da pandemia do novo coronav\u00edrus<!--more--><\/p>\n<p style=\"text-align: justify;\">O texto, aprovado em sess\u00e3o remota, recebeu 75 votos favor\u00e1veis e nenhum contr\u00e1rio. A proposta segue para a C\u00e2mara dos Deputados.<\/p>\n<p style=\"text-align: justify;\">A data de 31 de dezembro prevista no projeto \u00e9 a mesma da vig\u00eancia do estado de calamidade p\u00fablica, cujo reconhecimento foi proposto pelo governo e aprovado pelo Congresso Nacional.<\/p>\n<p style=\"text-align: justify;\">Segundo a proposta, a suspens\u00e3o vai valer para estudantes com as parcelas em dia, isto \u00e9, que n\u00e3o estiverem com parcelas em atraso, com exce\u00e7\u00e3o para a parcela acumulada de 180 dias devida at\u00e9 20 de mar\u00e7o.<\/p>\n<p style=\"text-align: justify;\"><img fetchpriority=\"high\" decoding=\"async\" class=\"size-thumbnail wp-image-23589 aligncenter\" src=\"https:\/\/www.portalalerta.com.br\/wp-content\/uploads\/2020\/04\/real-acordo-720x93.jpg\" alt=\"\" width=\"720\" height=\"93\" \/>De acordo com a proposta, ficam suspensos:<\/p>\n<p style=\"text-align: justify;\">\u2013 pagamento das parcelas regulares de todo o saldo devedor;<\/p>\n<p style=\"text-align: justify;\">\u2013 juros incidentes sobre o financiamento;<\/p>\n<p style=\"text-align: justify;\">\u2013 quita\u00e7\u00e3o de parcelas de renegocia\u00e7\u00e3o de contratos;<\/p>\n<p style=\"text-align: justify;\">\u2013 pagamentos devidos pelos benefici\u00e1rios do programa e pelas mantenedoras das universidades aos bancos para saldar multas por atraso e por gastos operacionais.<\/p>\n<p style=\"text-align: justify;\">Quem optar pelo congelamento das parcelas, n\u00e3o ser\u00e1 considerado inadimplente ou descumpridor do contrato. Ap\u00f3s o fim do prazo, os valores suspensos ser\u00e3o divididos nas parcelas seguintes.<\/p>\n<p style=\"text-align: justify;\">O texto define que o estudante que dever parcelas poder\u00e1 aderir a um programa especial de regulariza\u00e7\u00e3o, com a divis\u00e3o do valor em at\u00e9 175 vezes.<\/p>\n<p style=\"text-align: justify;\"><em>Fonte: Not\u00edcias de SantaLuz<\/em><\/p>\n","protected":false},"excerpt":{"rendered":"<p>O Senado aprovou na \u00faltima ter\u00e7a-feira (12) o projeto que suspende a cobran\u00e7a das mensalidades do Fundo de Financiamento ao Estudante do Ensino Superior (Fies) at\u00e9 31 de dezembro em raz\u00e3o da pandemia do novo coronav\u00edrus<\/p>\n","protected":false},"author":2,"featured_media":9241,"comment_status":"open","ping_status":"open","sticky":false,"template":"","format":"standard","meta":{"om_disable_all_campaigns":false,"_monsterinsights_skip_tracking":false,"_monsterinsights_sitenote_active":false,"_monsterinsights_sitenote_note":"","_monsterinsights_sitenote_category":0,"footnotes":""},"categories":[34,70,20,69,21],"tags":[93,140,1388,235],"class_list":["post-24200","post","type-post","status-publish","format-standard","has-post-thumbnail","hentry","category-brasil","category-destaques","category-educacao","category-noticias2","category-politica","tag-brasil","tag-educacao","tag-fies","tag-senado-federal"],"aioseo_notices":[],"_links":{"self":[{"href":"https:\/\/www.portalalerta.com.br\/index.php\/wp-json\/wp\/v2\/posts\/24200","targetHints":{"allow":["GET"]}}],"collection":[{"href":"https:\/\/www.portalalerta.com.br\/index.php\/wp-json\/wp\/v2\/posts"}],"about":[{"href":"https:\/\/www.portalalerta.com.br\/index.php\/wp-json\/wp\/v2\/types\/post"}],"author":[{"embeddable":true,"href":"https:\/\/www.portalalerta.com.br\/index.php\/wp-json\/wp\/v2\/users\/2"}],"replies":[{"embeddable":true,"href":"https:\/\/www.portalalerta.com.br\/index.php\/wp-json\/wp\/v2\/comments?post=24200"}],"version-history":[{"count":1,"href":"https:\/\/www.portalalerta.com.br\/index.php\/wp-json\/wp\/v2\/posts\/24200\/revisions"}],"predecessor-version":[{"id":24201,"href":"https:\/\/www.portalalerta.com.br\/index.php\/wp-json\/wp\/v2\/posts\/24200\/revisions\/24201"}],"wp:featuredmedia":[{"embeddable":true,"href":"https:\/\/www.portalalerta.com.br\/index.php\/wp-json\/wp\/v2\/media\/9241"}],"wp:attachment":[{"href":"https:\/\/www.portalalerta.com.br\/index.php\/wp-json\/wp\/v2\/media?parent=24200"}],"wp:term":[{"taxonomy":"category","embeddable":true,"href":"https:\/\/www.portalalerta.com.br\/index.php\/wp-json\/wp\/v2\/categories?post=24200"},{"taxonomy":"post_tag","embeddable":true,"href":"https:\/\/www.portalalerta.com.br\/index.php\/wp-json\/wp\/v2\/tags?post=24200"}],"curies":[{"name":"wp","href":"https:\/\/api.w.org\/{rel}","templated":true}]}}