{"id":24203,"date":"2020-05-14T23:30:53","date_gmt":"2020-05-15T02:30:53","guid":{"rendered":"https:\/\/www.portalalerta.com.br\/?p=24203"},"modified":"2020-05-15T00:21:22","modified_gmt":"2020-05-15T03:21:22","slug":"pombalense-supera-a-propria-marca-e-percorre-1-123-quilometros-de-bicicleta-em-menos-de-uma-semana","status":"publish","type":"post","link":"https:\/\/www.portalalerta.com.br\/index.php\/2020\/05\/14\/pombalense-supera-a-propria-marca-e-percorre-1-123-quilometros-de-bicicleta-em-menos-de-uma-semana\/","title":{"rendered":"Pombalense supera a pr\u00f3pria marca, e percorre 1.123 quil\u00f4metros de bicicleta, em menos de uma semana"},"content":{"rendered":"<p style=\"text-align: justify;\">Em mais um desafio pessoal, o pombalense Leandro Nascimento Soares (Leo), superou a pr\u00f3pria marca, e percorreu 1.123 quil\u00f4metros a bordo de sua bicicleta Speed Tsw Tr-10 .<!--more--><\/p>\n<p style=\"text-align: justify;\"><img fetchpriority=\"high\" decoding=\"async\" class=\"size-thumbnail wp-image-9394 alignleft\" src=\"https:\/\/www.portalalerta.com.br\/wp-content\/uploads\/2018\/07\/05elab-320x240.jpg\" alt=\"\" width=\"320\" height=\"240\" srcset=\"https:\/\/www.portalalerta.com.br\/wp-content\/uploads\/2018\/07\/05elab-320x240.jpg 320w, https:\/\/www.portalalerta.com.br\/wp-content\/uploads\/2018\/07\/05elab-195x146.jpg 195w, https:\/\/www.portalalerta.com.br\/wp-content\/uploads\/2018\/07\/05elab-50x38.jpg 50w, https:\/\/www.portalalerta.com.br\/wp-content\/uploads\/2018\/07\/05elab-100x75.jpg 100w, https:\/\/www.portalalerta.com.br\/wp-content\/uploads\/2018\/07\/05elab.jpg 400w\" sizes=\"(max-width: 320px) 100vw, 320px\" \/><\/p>\n<p style=\"text-align: justify;\">Desta vez, a aventura foi iniciada na \u00faltima quinta-feira, 07, por volta das 13:00hs, quando L\u00e9o saiu de Ribeira do Pombal-BA, onde reside, tendo como destino o munic\u00edpio de Po\u00e7\u00f5es-BA. No percurso de ida, L\u00e9o optou seguir pela BR 101, totalizando 583 quil\u00f4metros, que foi finalizado \u00e0s 19:00hs do s\u00e1bado, 09. Esta marca j\u00e1 superava o recorde pessoal do pombalense, que havia percorrido 528 quil\u00f4metros entre Ribeira do Pombal e Macei\u00f3-AL, fato ocorrido em janeiro do corrente ano, por\u00e9m ele queria mais, e resolveu retornar tamb\u00e9m a bordo de sua bicicleta.<\/p>\n<figure id=\"attachment_24205\" aria-describedby=\"caption-attachment-24205\" style=\"width: 720px\" class=\"wp-caption aligncenter\"><img decoding=\"async\" class=\"wp-image-24205 size-full\" src=\"https:\/\/www.portalalerta.com.br\/wp-content\/uploads\/2020\/05\/L\u00e9o-Ciclista-2020.2.jpg\" alt=\"\" width=\"720\" height=\"579\" srcset=\"https:\/\/www.portalalerta.com.br\/wp-content\/uploads\/2020\/05\/L\u00e9o-Ciclista-2020.2.jpg 720w, https:\/\/www.portalalerta.com.br\/wp-content\/uploads\/2020\/05\/L\u00e9o-Ciclista-2020.2-298x240.jpg 298w, https:\/\/www.portalalerta.com.br\/wp-content\/uploads\/2020\/05\/L\u00e9o-Ciclista-2020.2-182x146.jpg 182w, https:\/\/www.portalalerta.com.br\/wp-content\/uploads\/2020\/05\/L\u00e9o-Ciclista-2020.2-50x40.jpg 50w, https:\/\/www.portalalerta.com.br\/wp-content\/uploads\/2020\/05\/L\u00e9o-Ciclista-2020.2-93x75.jpg 93w\" sizes=\"(max-width: 720px) 100vw, 720px\" \/><figcaption id=\"caption-attachment-24205\" class=\"wp-caption-text\">Chegada \u00e0 Po\u00e7\u00f5es-BA<\/figcaption><\/figure>\n<p style=\"text-align: justify;\">Ap\u00f3s tirar o domingo para descanso, e aproveitar a manh\u00e3 de segunda-feira para a manuten\u00e7\u00e3o do ve\u00edculo, L\u00e9o deixou o munic\u00edpio de Po\u00e7\u00f5es por volta das 13:00hs do dia 11, retornando para a sua cidade de origem, por\u00e9m desta vez pela BR 116, chegando \u00e0 Ribeira do Pombal por volta das 19:00hs da \u00faltima quarta-feira, 13, num percurso de 540 quil\u00f4metros. Ao todo foram percorridos 1.123 quil\u00f4metros.<\/p>\n<figure id=\"attachment_24206\" aria-describedby=\"caption-attachment-24206\" style=\"width: 720px\" class=\"wp-caption aligncenter\"><img decoding=\"async\" class=\"wp-image-24206 size-full\" src=\"https:\/\/www.portalalerta.com.br\/wp-content\/uploads\/2020\/05\/L\u00e9o-Ciclista-2020.3.jpg\" alt=\"\" width=\"720\" height=\"533\" srcset=\"https:\/\/www.portalalerta.com.br\/wp-content\/uploads\/2020\/05\/L\u00e9o-Ciclista-2020.3.jpg 720w, https:\/\/www.portalalerta.com.br\/wp-content\/uploads\/2020\/05\/L\u00e9o-Ciclista-2020.3-324x240.jpg 324w, https:\/\/www.portalalerta.com.br\/wp-content\/uploads\/2020\/05\/L\u00e9o-Ciclista-2020.3-197x146.jpg 197w, https:\/\/www.portalalerta.com.br\/wp-content\/uploads\/2020\/05\/L\u00e9o-Ciclista-2020.3-50x37.jpg 50w, https:\/\/www.portalalerta.com.br\/wp-content\/uploads\/2020\/05\/L\u00e9o-Ciclista-2020.3-101x75.jpg 101w\" sizes=\"(max-width: 720px) 100vw, 720px\" \/><figcaption id=\"caption-attachment-24206\" class=\"wp-caption-text\">Retorno \u00e0 Ribeira do Pombal-BA<\/figcaption><\/figure>\n<figure id=\"attachment_24204\" aria-describedby=\"caption-attachment-24204\" style=\"width: 720px\" class=\"wp-caption aligncenter\"><img loading=\"lazy\" decoding=\"async\" class=\"wp-image-24204 size-full\" src=\"https:\/\/www.portalalerta.com.br\/wp-content\/uploads\/2020\/05\/L\u00e9o-Ciclista-2020.1.jpg\" alt=\"\" width=\"720\" height=\"500\" srcset=\"https:\/\/www.portalalerta.com.br\/wp-content\/uploads\/2020\/05\/L\u00e9o-Ciclista-2020.1.jpg 720w, https:\/\/www.portalalerta.com.br\/wp-content\/uploads\/2020\/05\/L\u00e9o-Ciclista-2020.1-346x240.jpg 346w, https:\/\/www.portalalerta.com.br\/wp-content\/uploads\/2020\/05\/L\u00e9o-Ciclista-2020.1-210x146.jpg 210w, https:\/\/www.portalalerta.com.br\/wp-content\/uploads\/2020\/05\/L\u00e9o-Ciclista-2020.1-50x35.jpg 50w, https:\/\/www.portalalerta.com.br\/wp-content\/uploads\/2020\/05\/L\u00e9o-Ciclista-2020.1-108x75.jpg 108w\" sizes=\"(max-width: 720px) 100vw, 720px\" \/><figcaption id=\"caption-attachment-24204\" class=\"wp-caption-text\">Quilometragem percorrida<\/figcaption><\/figure>\n<p style=\"text-align: justify;\">Ao PORTAL ALERTA, o pombalense fez quest\u00e3o de afirmar que adotou medidas preventivas ao Covid-19 (Coronavirus), j\u00e1 que durante o trajeto fez uso de m\u00e1scaras de prote\u00e7\u00e3o e \u00e1lcool em gel para higieniza\u00e7\u00e3o. Al\u00e9m disso, quando passava pelas barreiras sanit\u00e1rias aproveita para avaliar a pr\u00f3pria sa\u00fade. L\u00e9o comemorou o sucesso do desafio, que segundo ele, foi muito mais do que superar a pr\u00f3pria marca, j\u00e1 que superou os seus pr\u00f3prios limites.<\/p>\n<figure id=\"attachment_24207\" aria-describedby=\"caption-attachment-24207\" style=\"width: 720px\" class=\"wp-caption aligncenter\"><img loading=\"lazy\" decoding=\"async\" class=\"wp-image-24207 size-full\" src=\"https:\/\/www.portalalerta.com.br\/wp-content\/uploads\/2020\/05\/L\u00e9o-Ciclista-2020.4.jpg\" alt=\"\" width=\"720\" height=\"563\" srcset=\"https:\/\/www.portalalerta.com.br\/wp-content\/uploads\/2020\/05\/L\u00e9o-Ciclista-2020.4.jpg 720w, https:\/\/www.portalalerta.com.br\/wp-content\/uploads\/2020\/05\/L\u00e9o-Ciclista-2020.4-307x240.jpg 307w, https:\/\/www.portalalerta.com.br\/wp-content\/uploads\/2020\/05\/L\u00e9o-Ciclista-2020.4-187x146.jpg 187w, https:\/\/www.portalalerta.com.br\/wp-content\/uploads\/2020\/05\/L\u00e9o-Ciclista-2020.4-50x39.jpg 50w, https:\/\/www.portalalerta.com.br\/wp-content\/uploads\/2020\/05\/L\u00e9o-Ciclista-2020.4-96x75.jpg 96w\" sizes=\"(max-width: 720px) 100vw, 720px\" \/><figcaption id=\"caption-attachment-24207\" class=\"wp-caption-text\">Durante o trajeto, L\u00e9o adotou medidas de preven\u00e7\u00e3o ao Covid-19<\/figcaption><\/figure>\n<p style=\"text-align: justify;\"><em>Reda\u00e7\u00e3o: Portal Alerta<\/em><\/p>\n<p style=\"text-align: justify;\"><strong><em>#fiqueemcasa \u00a0<\/em><\/strong><\/p>\n","protected":false},"excerpt":{"rendered":"<p>Em mais um desafio pessoal, o pombalense Leandro Nascimento Soares (Leo), superou a pr\u00f3pria marca, e percorreu 1.123 quil\u00f4metros a bordo de sua bicicleta Speed Tsw Tr-10 .<\/p>\n","protected":false},"author":2,"featured_media":24208,"comment_status":"open","ping_status":"open","sticky":false,"template":"","format":"standard","meta":{"om_disable_all_campaigns":false,"_monsterinsights_skip_tracking":false,"_monsterinsights_sitenote_active":false,"_monsterinsights_sitenote_note":"","_monsterinsights_sitenote_category":0,"footnotes":""},"categories":[33,70,2,69,32,3],"tags":[1062,96,1130,47],"class_list":["post-24203","post","type-post","status-publish","format-standard","has-post-thumbnail","hentry","category-bahia","category-destaques","category-esportes","category-noticias2","category-regiao","category-ribeira-do-pombal","tag-ciclismo","tag-esporte","tag-pocoes","tag-ribeira-do-pombal"],"aioseo_notices":[],"_links":{"self":[{"href":"https:\/\/www.portalalerta.com.br\/index.php\/wp-json\/wp\/v2\/posts\/24203","targetHints":{"allow":["GET"]}}],"collection":[{"href":"https:\/\/www.portalalerta.com.br\/index.php\/wp-json\/wp\/v2\/posts"}],"about":[{"href":"https:\/\/www.portalalerta.com.br\/index.php\/wp-json\/wp\/v2\/types\/post"}],"author":[{"embeddable":true,"href":"https:\/\/www.portalalerta.com.br\/index.php\/wp-json\/wp\/v2\/users\/2"}],"replies":[{"embeddable":true,"href":"https:\/\/www.portalalerta.com.br\/index.php\/wp-json\/wp\/v2\/comments?post=24203"}],"version-history":[{"count":3,"href":"https:\/\/www.portalalerta.com.br\/index.php\/wp-json\/wp\/v2\/posts\/24203\/revisions"}],"predecessor-version":[{"id":24211,"href":"https:\/\/www.portalalerta.com.br\/index.php\/wp-json\/wp\/v2\/posts\/24203\/revisions\/24211"}],"wp:featuredmedia":[{"embeddable":true,"href":"https:\/\/www.portalalerta.com.br\/index.php\/wp-json\/wp\/v2\/media\/24208"}],"wp:attachment":[{"href":"https:\/\/www.portalalerta.com.br\/index.php\/wp-json\/wp\/v2\/media?parent=24203"}],"wp:term":[{"taxonomy":"category","embeddable":true,"href":"https:\/\/www.portalalerta.com.br\/index.php\/wp-json\/wp\/v2\/categories?post=24203"},{"taxonomy":"post_tag","embeddable":true,"href":"https:\/\/www.portalalerta.com.br\/index.php\/wp-json\/wp\/v2\/tags?post=24203"}],"curies":[{"name":"wp","href":"https:\/\/api.w.org\/{rel}","templated":true}]}}