{"id":24212,"date":"2020-05-15T10:20:28","date_gmt":"2020-05-15T13:20:28","guid":{"rendered":"https:\/\/www.portalalerta.com.br\/?p=24212"},"modified":"2020-05-15T10:20:28","modified_gmt":"2020-05-15T13:20:28","slug":"esta-apenas-comecando-diz-mandetta-sobre-surto-de-coronavirus-no-brasil","status":"publish","type":"post","link":"https:\/\/www.portalalerta.com.br\/index.php\/2020\/05\/15\/esta-apenas-comecando-diz-mandetta-sobre-surto-de-coronavirus-no-brasil\/","title":{"rendered":"\u2018Est\u00e1 apenas come\u00e7ando\u2019, diz Mandetta sobre surto de coronav\u00edrus no Brasil"},"content":{"rendered":"<p style=\"text-align: justify;\">O ex-ministro da Sa\u00fade, Luiz Henrique Mandetta, acredita que o surto do novo coronav\u00edrus no Brasil est\u00e1 \u201capenas come\u00e7ando\u201d. Em entrevista \u00e0 americana CNN, o m\u00e9dico n\u00e3o descartou a possibilidade de o pa\u00eds registrar mil casos por dia.<!--more--><\/p>\n<p style=\"text-align: justify;\"><img fetchpriority=\"high\" decoding=\"async\" class=\"size-thumbnail wp-image-4869 aligncenter\" src=\"https:\/\/www.portalalerta.com.br\/wp-content\/uploads\/2018\/02\/Auto-Escola-Nobre-720x181.jpg\" alt=\"\" width=\"720\" height=\"181\" srcset=\"https:\/\/www.portalalerta.com.br\/wp-content\/uploads\/2018\/02\/Auto-Escola-Nobre.jpg 720w, https:\/\/www.portalalerta.com.br\/wp-content\/uploads\/2018\/02\/Auto-Escola-Nobre-260x65.jpg 260w, https:\/\/www.portalalerta.com.br\/wp-content\/uploads\/2018\/02\/Auto-Escola-Nobre-50x13.jpg 50w, https:\/\/www.portalalerta.com.br\/wp-content\/uploads\/2018\/02\/Auto-Escola-Nobre-150x38.jpg 150w\" sizes=\"(max-width: 720px) 100vw, 720px\" \/>Na \u00faltima quarta-feira (13), foram 749 \u00f3bitos contabilizados. No total, s\u00e3o mais de 12 mil mortos. \u201cEstamos no in\u00edcio\u201d, disse Mandetta. De acordo com ele, o pico pode ter sido atingido em Manaus, mas continua a crescer em outras capitais. \u201cE no Sul ele ainda n\u00e3o come\u00e7ou\u201d, alertou. \u201cA popula\u00e7\u00e3o n\u00e3o sabe para que lado ela vai\u201d, lamentou ao citar as diverg\u00eancias de ideias com o presidente Jair Bolsonaro, contr\u00e1rio ao isolamento total. \u201cEu dizia uma coisa e o presidente dizia outra\u201d.<\/p>\n<p style=\"text-align: justify;\">Mandetta tamb\u00e9m fez um alerta para a rela\u00e7\u00e3o do Brasil com a China, que sofreu um desgaste durante a pandemia. Nas \u00faltimas semanas, o chanceler Ernesto Ara\u00fajo passou a criticar a China por conta da crise internacional. \u201cA impress\u00e3o que eu tenho \u00e9 que, num local cheio de p\u00f3lvora, o Itamaraty entra fumando\u201d, disse. \u201cCad\u00ea as m\u00e1scaras? Estamos perdendo enfermeiros\u201d, disse. \u201cRespiradores n\u00e3o chegam\u201d, lamentou.<\/p>\n<p style=\"text-align: justify;\"><em>Fonte: Not\u00edcias de SantaLuz<\/em><\/p>\n","protected":false},"excerpt":{"rendered":"<p>O ex-ministro da Sa\u00fade, Luiz Henrique Mandetta, acredita que o surto do novo coronav\u00edrus no Brasil est\u00e1 \u201capenas come\u00e7ando\u201d. Em entrevista \u00e0 americana CNN, o m\u00e9dico n\u00e3o descartou a possibilidade de o pa\u00eds registrar mil casos por dia.<\/p>\n","protected":false},"author":2,"featured_media":22766,"comment_status":"open","ping_status":"open","sticky":false,"template":"","format":"standard","meta":{"om_disable_all_campaigns":false,"_monsterinsights_skip_tracking":false,"_monsterinsights_sitenote_active":false,"_monsterinsights_sitenote_note":"","_monsterinsights_sitenote_category":0,"footnotes":""},"categories":[34,70,69,21,19],"tags":[93,3429,3486,541,249,1395,1884,1885,61],"class_list":["post-24212","post","type-post","status-publish","format-standard","has-post-thumbnail","hentry","category-brasil","category-destaques","category-noticias2","category-politica","category-saude","tag-brasil","tag-coronavirus","tag-covid-19","tag-ex-ministro","tag-governo-federal","tag-jair-bolsonaro","tag-luiz-henrique-mandetta","tag-ministro-da-saude","tag-saude"],"aioseo_notices":[],"_links":{"self":[{"href":"https:\/\/www.portalalerta.com.br\/index.php\/wp-json\/wp\/v2\/posts\/24212","targetHints":{"allow":["GET"]}}],"collection":[{"href":"https:\/\/www.portalalerta.com.br\/index.php\/wp-json\/wp\/v2\/posts"}],"about":[{"href":"https:\/\/www.portalalerta.com.br\/index.php\/wp-json\/wp\/v2\/types\/post"}],"author":[{"embeddable":true,"href":"https:\/\/www.portalalerta.com.br\/index.php\/wp-json\/wp\/v2\/users\/2"}],"replies":[{"embeddable":true,"href":"https:\/\/www.portalalerta.com.br\/index.php\/wp-json\/wp\/v2\/comments?post=24212"}],"version-history":[{"count":1,"href":"https:\/\/www.portalalerta.com.br\/index.php\/wp-json\/wp\/v2\/posts\/24212\/revisions"}],"predecessor-version":[{"id":24213,"href":"https:\/\/www.portalalerta.com.br\/index.php\/wp-json\/wp\/v2\/posts\/24212\/revisions\/24213"}],"wp:featuredmedia":[{"embeddable":true,"href":"https:\/\/www.portalalerta.com.br\/index.php\/wp-json\/wp\/v2\/media\/22766"}],"wp:attachment":[{"href":"https:\/\/www.portalalerta.com.br\/index.php\/wp-json\/wp\/v2\/media?parent=24212"}],"wp:term":[{"taxonomy":"category","embeddable":true,"href":"https:\/\/www.portalalerta.com.br\/index.php\/wp-json\/wp\/v2\/categories?post=24212"},{"taxonomy":"post_tag","embeddable":true,"href":"https:\/\/www.portalalerta.com.br\/index.php\/wp-json\/wp\/v2\/tags?post=24212"}],"curies":[{"name":"wp","href":"https:\/\/api.w.org\/{rel}","templated":true}]}}