{"id":24214,"date":"2020-05-15T10:50:56","date_gmt":"2020-05-15T13:50:56","guid":{"rendered":"https:\/\/www.portalalerta.com.br\/?p=24214"},"modified":"2020-05-15T10:50:56","modified_gmt":"2020-05-15T13:50:56","slug":"nota-da-secretaria-de-saude-de-ribeira-do-pombal-ba-confirma-nono-caso-de-covid-19-e-aponta-risco-de-infeccao-dolosa-em-massa","status":"publish","type":"post","link":"https:\/\/www.portalalerta.com.br\/index.php\/2020\/05\/15\/nota-da-secretaria-de-saude-de-ribeira-do-pombal-ba-confirma-nono-caso-de-covid-19-e-aponta-risco-de-infeccao-dolosa-em-massa\/","title":{"rendered":"Nota da Secretaria de Sa\u00fade de Ribeira do Pombal-BA confirma nono caso de Covid-19, e aponta risco de infec\u00e7\u00e3o dolosa em massa!"},"content":{"rendered":"<p style=\"text-align: justify;\">Uma nota divulgada pela Secretaria Municipal de Sa\u00fade de Ribeira do Pombal-BA, acendeu uma luz de alerta nos moradores da cidade, bem como de munic\u00edpios vizinhos.<!--more--><\/p>\n<p style=\"text-align: justify;\">O documento confirma o nono caso de Covid-19 (Coronav\u00edrus) em Ribeira do Pombal-BA. Trata-se de uma pessoa de 31 anos, oriunda do estado de S\u00e3o Paulo, e que teve contato com o sexto caso confirmado no munic\u00edpio. A nota n\u00e3o entrou em detalhe sobre o quadro cl\u00ednico do paciente.<\/p>\n<p style=\"text-align: justify;\">O problema \u00e9 que o referido paciente n\u00e3o foi monitorado pela equipe da Secretaria, justamente pelo fato da pessoa infectada (o sexto paciente), ter afirmado que o mesmo teve apenas uma passagem r\u00e1pida pelo munic\u00edpio, e j\u00e1 se encontrava em outra cidade. Ap\u00f3s investiga\u00e7\u00e3o, foi descoberto que, na verdade a pessoa em quest\u00e3o, ainda se encontrava em Ribeira do Pombal, com estadia num povoado, e que n\u00e3o passou pelas barreiras sanit\u00e1rias instaladas nos acessos \u00e0 sede, tendo em vista que o povoado tem acesso direto pela BR que corta o munic\u00edpio. Como se n\u00e3o bastasse, o mesmo n\u00e3o informou aos \u00f3rg\u00e3os respons\u00e1veis sobre a sua presen\u00e7a no povoado, nem antes da infec\u00e7\u00e3o (sexto caso), tampouco depois, ao contr\u00e1rio, teve este fato escondido atrav\u00e9s de informa\u00e7\u00f5es mentirosas.<\/p>\n<p style=\"text-align: justify;\"><img fetchpriority=\"high\" decoding=\"async\" class=\"size-thumbnail wp-image-23589 aligncenter\" src=\"https:\/\/www.portalalerta.com.br\/wp-content\/uploads\/2020\/04\/real-acordo-720x93.jpg\" alt=\"\" width=\"720\" height=\"93\" \/>Ap\u00f3s dilig\u00eancias da Secretaria Municipal de Sa\u00fade, em conjunto com for\u00e7as de seguran\u00e7a p\u00fablica, a pessoa em tela foi encontrada, sendo submetida a um teste r\u00e1pido, e conforme a suspeita inicial, obteve resultado reagente para a doen\u00e7a. A gravidade da quest\u00e3o, \u00e9 que por aproximadamente dez dias, esta pessoa teve livre circula\u00e7\u00e3o tanto em Ribeira do Pombal-BA, quanto em munic\u00edpios vizinhos, podendo ter agravado ainda mais o quadro epidemiol\u00f3gico da regi\u00e3o.<\/p>\n<p style=\"text-align: justify;\">Ainda na nota, a Secretaria afirma que est\u00e1 adotando medidas para que as duas pessoas envolvidas no caso (sexto e nono infectados) sejam responsabilizados por tal feito. <strong>Confira a nota na \u00edntegra:<\/strong><\/p>\n<p style=\"text-align: justify;\"><em><img decoding=\"async\" class=\"aligncenter wp-image-24215\" src=\"https:\/\/www.portalalerta.com.br\/wp-content\/uploads\/2020\/05\/coronavirus-em-Ribeira-do-Pombal.5-240x240.jpeg\" alt=\"\" width=\"600\" height=\"600\" srcset=\"https:\/\/www.portalalerta.com.br\/wp-content\/uploads\/2020\/05\/coronavirus-em-Ribeira-do-Pombal.5-240x240.jpeg 240w, https:\/\/www.portalalerta.com.br\/wp-content\/uploads\/2020\/05\/coronavirus-em-Ribeira-do-Pombal.5-1024x1024.jpeg 1024w, https:\/\/www.portalalerta.com.br\/wp-content\/uploads\/2020\/05\/coronavirus-em-Ribeira-do-Pombal.5-768x768.jpeg 768w, https:\/\/www.portalalerta.com.br\/wp-content\/uploads\/2020\/05\/coronavirus-em-Ribeira-do-Pombal.5-146x146.jpeg 146w, https:\/\/www.portalalerta.com.br\/wp-content\/uploads\/2020\/05\/coronavirus-em-Ribeira-do-Pombal.5-50x50.jpeg 50w, https:\/\/www.portalalerta.com.br\/wp-content\/uploads\/2020\/05\/coronavirus-em-Ribeira-do-Pombal.5-75x75.jpeg 75w, https:\/\/www.portalalerta.com.br\/wp-content\/uploads\/2020\/05\/coronavirus-em-Ribeira-do-Pombal.5-85x85.jpeg 85w, https:\/\/www.portalalerta.com.br\/wp-content\/uploads\/2020\/05\/coronavirus-em-Ribeira-do-Pombal.5-80x80.jpeg 80w, https:\/\/www.portalalerta.com.br\/wp-content\/uploads\/2020\/05\/coronavirus-em-Ribeira-do-Pombal.5.jpeg 1080w\" sizes=\"(max-width: 600px) 100vw, 600px\" \/><\/em><\/p>\n<p>A boa not\u00edcia do dia \u00e9, que um dos pacientes infectados, j\u00e1 se encontra curado, subindo para 02 o n\u00famero de cura no munic\u00edpio.<\/p>\n<p style=\"text-align: justify;\"><em>Reda\u00e7\u00e3o: Portal Alerta<\/em><\/p>\n<p style=\"text-align: justify;\"><strong><em>#fiqueemcasa<\/em><\/strong><\/p>\n","protected":false},"excerpt":{"rendered":"<p>Uma nota divulgada pela Secretaria Municipal de Sa\u00fade de Ribeira do Pombal-BA, acendeu uma luz de alerta nos moradores da cidade, bem como de munic\u00edpios vizinhos.<\/p>\n","protected":false},"author":2,"featured_media":22776,"comment_status":"open","ping_status":"open","sticky":false,"template":"","format":"standard","meta":{"om_disable_all_campaigns":false,"_monsterinsights_skip_tracking":false,"_monsterinsights_sitenote_active":false,"_monsterinsights_sitenote_note":"","_monsterinsights_sitenote_category":0,"footnotes":""},"categories":[70,69,32,3,19],"tags":[3429,3486,3560,47,61,433],"class_list":["post-24214","post","type-post","status-publish","format-standard","has-post-thumbnail","hentry","category-destaques","category-noticias2","category-regiao","category-ribeira-do-pombal","category-saude","tag-coronavirus","tag-covid-19","tag-infectados","tag-ribeira-do-pombal","tag-saude","tag-secretaria-de-saude"],"aioseo_notices":[],"_links":{"self":[{"href":"https:\/\/www.portalalerta.com.br\/index.php\/wp-json\/wp\/v2\/posts\/24214","targetHints":{"allow":["GET"]}}],"collection":[{"href":"https:\/\/www.portalalerta.com.br\/index.php\/wp-json\/wp\/v2\/posts"}],"about":[{"href":"https:\/\/www.portalalerta.com.br\/index.php\/wp-json\/wp\/v2\/types\/post"}],"author":[{"embeddable":true,"href":"https:\/\/www.portalalerta.com.br\/index.php\/wp-json\/wp\/v2\/users\/2"}],"replies":[{"embeddable":true,"href":"https:\/\/www.portalalerta.com.br\/index.php\/wp-json\/wp\/v2\/comments?post=24214"}],"version-history":[{"count":1,"href":"https:\/\/www.portalalerta.com.br\/index.php\/wp-json\/wp\/v2\/posts\/24214\/revisions"}],"predecessor-version":[{"id":24216,"href":"https:\/\/www.portalalerta.com.br\/index.php\/wp-json\/wp\/v2\/posts\/24214\/revisions\/24216"}],"wp:featuredmedia":[{"embeddable":true,"href":"https:\/\/www.portalalerta.com.br\/index.php\/wp-json\/wp\/v2\/media\/22776"}],"wp:attachment":[{"href":"https:\/\/www.portalalerta.com.br\/index.php\/wp-json\/wp\/v2\/media?parent=24214"}],"wp:term":[{"taxonomy":"category","embeddable":true,"href":"https:\/\/www.portalalerta.com.br\/index.php\/wp-json\/wp\/v2\/categories?post=24214"},{"taxonomy":"post_tag","embeddable":true,"href":"https:\/\/www.portalalerta.com.br\/index.php\/wp-json\/wp\/v2\/tags?post=24214"}],"curies":[{"name":"wp","href":"https:\/\/api.w.org\/{rel}","templated":true}]}}