{"id":24218,"date":"2020-05-15T14:11:27","date_gmt":"2020-05-15T17:11:27","guid":{"rendered":"https:\/\/www.portalalerta.com.br\/?p=24218"},"modified":"2020-05-15T14:11:27","modified_gmt":"2020-05-15T17:11:27","slug":"salvador-ba-tres-policiais-civis-sao-demitidos-por-acusacao-de-extorsao-e-sequestro","status":"publish","type":"post","link":"https:\/\/www.portalalerta.com.br\/index.php\/2020\/05\/15\/salvador-ba-tres-policiais-civis-sao-demitidos-por-acusacao-de-extorsao-e-sequestro\/","title":{"rendered":"Salvador-BA: Tr\u00eas policiais civis s\u00e3o demitidos por acusa\u00e7\u00e3o de extors\u00e3o e sequestro"},"content":{"rendered":"<p style=\"text-align: justify;\">Tr\u00eas investigadores foram demitidos da Pol\u00edcia Civil, nesta quinta-feira (14), por acusa\u00e7\u00e3o no envolvimento de sequestros e extors\u00f5es a comerciantes nos bairros de Pau da Lima e S\u00e3o Marcos.<!--more--><\/p>\n<p style=\"text-align: justify;\"><a href=\"https:\/\/varelanoticias.com.br\/tres-policiais-civis-sao-presos-apos-comerciantes-denunciarem-extorsao-e-sequestro\/\"><img fetchpriority=\"high\" decoding=\"async\" class=\"size-thumbnail wp-image-9394 alignleft\" src=\"https:\/\/www.portalalerta.com.br\/wp-content\/uploads\/2018\/07\/05elab-320x240.jpg\" alt=\"\" width=\"320\" height=\"240\" srcset=\"https:\/\/www.portalalerta.com.br\/wp-content\/uploads\/2018\/07\/05elab-320x240.jpg 320w, https:\/\/www.portalalerta.com.br\/wp-content\/uploads\/2018\/07\/05elab-195x146.jpg 195w, https:\/\/www.portalalerta.com.br\/wp-content\/uploads\/2018\/07\/05elab-50x38.jpg 50w, https:\/\/www.portalalerta.com.br\/wp-content\/uploads\/2018\/07\/05elab-100x75.jpg 100w, https:\/\/www.portalalerta.com.br\/wp-content\/uploads\/2018\/07\/05elab.jpg 400w\" sizes=\"(max-width: 320px) 100vw, 320px\" \/>O caso aconteceu em fevereiro de 2016\u00a0<\/a>e, ap\u00f3s den\u00fancias das v\u00edtimas, o trio chegou a ficar preso preventivamente por 30 dias, na Corregedoria da Pol\u00edcia Civil, no bairro do Rio Vermelho. Atualmente, dois deles permaneciam na ativa e um j\u00e1 estava aposentado.<\/p>\n<p style=\"text-align: justify;\">De acordo com a den\u00fancia, os policiais os abordavam, mandavam que entrassem na viatura da 10\u00aa DT e exigiam o dinheiro e cestas b\u00e1sicas, amea\u00e7ando com investiga\u00e7\u00e3o e confisco de mercadorias.<\/p>\n<p style=\"text-align: justify;\">O Processo Administrativo Disciplinar (PAD) foi conduzido pela Corregedoria Geral da Secretaria da Seguran\u00e7a P\u00fablica e o resultado publicado no Di\u00e1rio Oficial do Estado nesta quinta-feira (14).<\/p>\n<p style=\"text-align: justify;\"><em>Fonte: Gazeta do Mel<\/em><\/p>\n<p style=\"text-align: justify;\"><em>Com informa\u00e7\u00f5es:\u00a0 Varela Not\u00edcias<\/em><\/p>\n","protected":false},"excerpt":{"rendered":"<p>Tr\u00eas investigadores foram demitidos da Pol\u00edcia Civil, nesta quinta-feira (14), por acusa\u00e7\u00e3o no envolvimento de sequestros e extors\u00f5es a comerciantes nos bairros de Pau da Lima e S\u00e3o Marcos.<\/p>\n","protected":false},"author":2,"featured_media":3434,"comment_status":"open","ping_status":"open","sticky":false,"template":"","format":"standard","meta":{"om_disable_all_campaigns":false,"_monsterinsights_skip_tracking":false,"_monsterinsights_sitenote_active":false,"_monsterinsights_sitenote_note":"","_monsterinsights_sitenote_category":0,"footnotes":""},"categories":[33,70,69,22],"tags":[54,616,1672,122,838,330,136],"class_list":["post-24218","post","type-post","status-publish","format-standard","has-post-thumbnail","hentry","category-bahia","category-destaques","category-noticias2","category-seguranca","tag-bahia","tag-demissao","tag-extorsao","tag-policia-civil","tag-policiais","tag-salvador","tag-sequestro"],"aioseo_notices":[],"_links":{"self":[{"href":"https:\/\/www.portalalerta.com.br\/index.php\/wp-json\/wp\/v2\/posts\/24218","targetHints":{"allow":["GET"]}}],"collection":[{"href":"https:\/\/www.portalalerta.com.br\/index.php\/wp-json\/wp\/v2\/posts"}],"about":[{"href":"https:\/\/www.portalalerta.com.br\/index.php\/wp-json\/wp\/v2\/types\/post"}],"author":[{"embeddable":true,"href":"https:\/\/www.portalalerta.com.br\/index.php\/wp-json\/wp\/v2\/users\/2"}],"replies":[{"embeddable":true,"href":"https:\/\/www.portalalerta.com.br\/index.php\/wp-json\/wp\/v2\/comments?post=24218"}],"version-history":[{"count":1,"href":"https:\/\/www.portalalerta.com.br\/index.php\/wp-json\/wp\/v2\/posts\/24218\/revisions"}],"predecessor-version":[{"id":24219,"href":"https:\/\/www.portalalerta.com.br\/index.php\/wp-json\/wp\/v2\/posts\/24218\/revisions\/24219"}],"wp:featuredmedia":[{"embeddable":true,"href":"https:\/\/www.portalalerta.com.br\/index.php\/wp-json\/wp\/v2\/media\/3434"}],"wp:attachment":[{"href":"https:\/\/www.portalalerta.com.br\/index.php\/wp-json\/wp\/v2\/media?parent=24218"}],"wp:term":[{"taxonomy":"category","embeddable":true,"href":"https:\/\/www.portalalerta.com.br\/index.php\/wp-json\/wp\/v2\/categories?post=24218"},{"taxonomy":"post_tag","embeddable":true,"href":"https:\/\/www.portalalerta.com.br\/index.php\/wp-json\/wp\/v2\/tags?post=24218"}],"curies":[{"name":"wp","href":"https:\/\/api.w.org\/{rel}","templated":true}]}}