{"id":24220,"date":"2020-05-15T14:34:16","date_gmt":"2020-05-15T17:34:16","guid":{"rendered":"https:\/\/www.portalalerta.com.br\/?p=24220"},"modified":"2020-05-15T14:35:21","modified_gmt":"2020-05-15T17:35:21","slug":"contas-de-ricardo-maia-serao-julgadas-na-proxima-segunda-feira-18","status":"publish","type":"post","link":"https:\/\/www.portalalerta.com.br\/index.php\/2020\/05\/15\/contas-de-ricardo-maia-serao-julgadas-na-proxima-segunda-feira-18\/","title":{"rendered":"Contas de Ricardo Maia ser\u00e3o julgadas na pr\u00f3xima segunda-feira, 18"},"content":{"rendered":"<p style=\"text-align: justify;\">Na segunda-feira, 18 de maio 2020, em Sess\u00e3o Extraordin\u00e1ria Virtual, \u00e0s 17 horas, o Poder Legislativo pombalense julgar\u00e1 tr\u00eas contas do Prefeito Ricardo Maia, referente aos anos de 2015, 2016 e 2017, todas aprovadas pelo TCM.<!--more--><\/p>\n<p style=\"text-align: justify;\"><img fetchpriority=\"high\" decoding=\"async\" class=\"size-thumbnail wp-image-4869 aligncenter\" src=\"https:\/\/www.portalalerta.com.br\/wp-content\/uploads\/2018\/02\/Auto-Escola-Nobre-720x181.jpg\" alt=\"\" width=\"720\" height=\"181\" srcset=\"https:\/\/www.portalalerta.com.br\/wp-content\/uploads\/2018\/02\/Auto-Escola-Nobre.jpg 720w, https:\/\/www.portalalerta.com.br\/wp-content\/uploads\/2018\/02\/Auto-Escola-Nobre-260x65.jpg 260w, https:\/\/www.portalalerta.com.br\/wp-content\/uploads\/2018\/02\/Auto-Escola-Nobre-50x13.jpg 50w, https:\/\/www.portalalerta.com.br\/wp-content\/uploads\/2018\/02\/Auto-Escola-Nobre-150x38.jpg 150w\" sizes=\"(max-width: 720px) 100vw, 720px\" \/>Para a sess\u00e3o, o atual gestor foi notificado para, caso deseje, apresente\u00a0defesa oral.\u00a0Para que o Prefeito Ricardo Maia tenha suas contas aprovadas, basta que o mesmo tenha o voto favor\u00e1vel de apenas 5 vereadores, uma vez que suas contas foram aprovadas pelo TCM.<\/p>\n<p style=\"text-align: justify;\">As contas de 2018 de Ricardo Maia foram aprovadas pelo TCM, por\u00e9m ainda n\u00e3o h\u00e1 previs\u00e3o de julgamento pela C\u00e2mara. As de 2019 ainda n\u00e3o foram julgadas pelo TCM,<\/p>\n<p style=\"text-align: justify;\"><em>Fonte: Joilson Costa<\/em><\/p>\n","protected":false},"excerpt":{"rendered":"<p>Na segunda-feira, 18 de maio 2020, em Sess\u00e3o Extraordin\u00e1ria Virtual, \u00e0s 17 horas, o Poder Legislativo pombalense julgar\u00e1 tr\u00eas contas do Prefeito Ricardo Maia, referente aos anos de 2015, 2016 e 2017, todas aprovadas pelo TCM.<\/p>\n","protected":false},"author":2,"featured_media":10124,"comment_status":"open","ping_status":"open","sticky":false,"template":"","format":"standard","meta":{"om_disable_all_campaigns":false,"_monsterinsights_skip_tracking":false,"_monsterinsights_sitenote_active":false,"_monsterinsights_sitenote_note":"","_monsterinsights_sitenote_category":0,"footnotes":""},"categories":[70,69,21,32,3],"tags":[211,2619,302,198,47,146,135],"class_list":["post-24220","post","type-post","status-publish","format-standard","has-post-thumbnail","hentry","category-destaques","category-noticias2","category-politica","category-regiao","category-ribeira-do-pombal","tag-camara-de-vereadores","tag-contas","tag-julgamento","tag-prefeito","tag-ribeira-do-pombal","tag-ricardo-maia","tag-vereadores"],"aioseo_notices":[],"_links":{"self":[{"href":"https:\/\/www.portalalerta.com.br\/index.php\/wp-json\/wp\/v2\/posts\/24220","targetHints":{"allow":["GET"]}}],"collection":[{"href":"https:\/\/www.portalalerta.com.br\/index.php\/wp-json\/wp\/v2\/posts"}],"about":[{"href":"https:\/\/www.portalalerta.com.br\/index.php\/wp-json\/wp\/v2\/types\/post"}],"author":[{"embeddable":true,"href":"https:\/\/www.portalalerta.com.br\/index.php\/wp-json\/wp\/v2\/users\/2"}],"replies":[{"embeddable":true,"href":"https:\/\/www.portalalerta.com.br\/index.php\/wp-json\/wp\/v2\/comments?post=24220"}],"version-history":[{"count":2,"href":"https:\/\/www.portalalerta.com.br\/index.php\/wp-json\/wp\/v2\/posts\/24220\/revisions"}],"predecessor-version":[{"id":24222,"href":"https:\/\/www.portalalerta.com.br\/index.php\/wp-json\/wp\/v2\/posts\/24220\/revisions\/24222"}],"wp:featuredmedia":[{"embeddable":true,"href":"https:\/\/www.portalalerta.com.br\/index.php\/wp-json\/wp\/v2\/media\/10124"}],"wp:attachment":[{"href":"https:\/\/www.portalalerta.com.br\/index.php\/wp-json\/wp\/v2\/media?parent=24220"}],"wp:term":[{"taxonomy":"category","embeddable":true,"href":"https:\/\/www.portalalerta.com.br\/index.php\/wp-json\/wp\/v2\/categories?post=24220"},{"taxonomy":"post_tag","embeddable":true,"href":"https:\/\/www.portalalerta.com.br\/index.php\/wp-json\/wp\/v2\/tags?post=24220"}],"curies":[{"name":"wp","href":"https:\/\/api.w.org\/{rel}","templated":true}]}}