{"id":24223,"date":"2020-05-15T15:00:50","date_gmt":"2020-05-15T18:00:50","guid":{"rendered":"https:\/\/www.portalalerta.com.br\/?p=24223"},"modified":"2020-05-15T15:00:50","modified_gmt":"2020-05-15T18:00:50","slug":"nelson-teich-deixa-ministerio-da-saude-com-menos-de-um-mes-no-cargo","status":"publish","type":"post","link":"https:\/\/www.portalalerta.com.br\/index.php\/2020\/05\/15\/nelson-teich-deixa-ministerio-da-saude-com-menos-de-um-mes-no-cargo\/","title":{"rendered":"Nelson Teich deixa Minist\u00e9rio da Sa\u00fade com menos de um m\u00eas no cargo"},"content":{"rendered":"<p style=\"text-align: justify;\">O ministro da Sa\u00fade, Nelson Teich, pediu exonera\u00e7\u00e3o nesta manh\u00e3 de sexta-feira (15). A sa\u00edda foi anunciada em nota pela pasta e mais detalhes ser\u00e3o dados em coletiva de imprensa, marcada para a tarde de sexta. A sa\u00edda \u00e9 a segunda mudan\u00e7a na pasta em meio \u00e0 crise vivida por conta da\u00a0pandemia do novo coronav\u00edrus.<!--more--><\/p>\n<p style=\"text-align: justify;\">A demiss\u00e3o acontece um dia antes de Teich completar um m\u00eas no Minist\u00e9rio da Sa\u00fade. Nos \u00faltimos dias, o presidente e Teich\u00a0tiveram desentendimentos\u00a0sobre:<\/p>\n<ul style=\"text-align: justify;\">\n<li>o uso da cloroquina no tratamento da covid-19 (doen\u00e7a causada pelo v\u00edrus). Bolsonaro quer alterar o protocolo do SUS e permitir a aplica\u00e7\u00e3o do rem\u00e9dio desde o in\u00edcio do tratamento.<\/li>\n<li>o decreto de Bolsonaro que ampliou as atividades essenciais no per\u00edodo da pandemia e incluiu sal\u00f5es de beleza, barbearia e academias de gin\u00e1stica<\/li>\n<li>detalhes do plano com diretrizes para a sa\u00edda do isolamento. O presidente defende uma flexibiliza\u00e7\u00e3o mais imediata e mais ampla<\/li>\n<\/ul>\n<p style=\"text-align: justify;\"><strong><img fetchpriority=\"high\" decoding=\"async\" class=\"size-thumbnail wp-image-23589 aligncenter\" src=\"https:\/\/www.portalalerta.com.br\/wp-content\/uploads\/2020\/04\/real-acordo-720x93.jpg\" alt=\"\" width=\"720\" height=\"93\" \/>MINIST\u00c9RIO<\/strong><\/p>\n<p style=\"text-align: justify;\">Dentro do minist\u00e9rio, Teich tamb\u00e9m se v\u00ea isolado desde que assumiu o cargo. Ele exonerou t\u00e9cnicos e nomeou pelo menos sete militares, entre eles o secret\u00e1rio-executivo, considerado o n\u00famero dois da pasta, general Eduardo Pazzuelo.<\/p>\n<p style=\"text-align: justify;\">\u00c0 cr\u00edtica de que o minist\u00e9rio est\u00e1 com muitos militares \u00e0 frente de fun\u00e7\u00f5es importantes, Teich respondeu que se trata de \u201cum tempo de guerra\u201d, e os militares trazem planejamento estrat\u00e9gico.<\/p>\n<p style=\"text-align: justify;\">Mas ex-funcion\u00e1rios alegam que os novos indicados n\u00e3o t\u00eam experi\u00eancia na \u00e1rea, al\u00e9m de terem retirado autonomia que as secretarias da pasta tinham.<\/p>\n<p style=\"text-align: justify;\">Nelson Luiz Sperle Teich \u00e9 oncologista e empres\u00e1rio do setor da sa\u00fade. Ele esteve reunido com Bolsonaro e oito ministros na manh\u00e3 desta quinta, na qual declarou, segundo participantes, que \u00e9 um &#8220;equ\u00edvoco&#8221; sa\u00fade e economia n\u00e3o trabalharem juntosmais cedo nesta quinta.<\/p>\n<p style=\"text-align: justify;\">Nascido no Rio de Janeiro, o m\u00e9dico se formou pela Universidade Estadual do Rio de Janeiro (UERJ) e se especializou em oncologia no Instituto Nacional de C\u00e2ncer (Inca). Atualmente, \u00e9 s\u00f3cio da Teich Health Care, uma consultoria de servi\u00e7os m\u00e9dicos.<\/p>\n<p style=\"text-align: justify;\">Teich atuou como consultor informal na campanha eleitoral do presidente, em 2018, e, na \u00e9poca, at\u00e9 chegou a ser cotado para o cargo, mas acabou preterido por Mandetta.<\/p>\n<p style=\"text-align: justify;\">Tamb\u00e9m estudou economia da sa\u00fade de produtos farmac\u00eauticos pela Escola Europeia de Economia da Sa\u00fade de Cannes, na Fran\u00e7a (2007), e em Avalia\u00e7\u00e3o Socioecon\u00f4mica de Medicamentos (2007) pela Universidade de York, no Reino Unido. Possui ainda p\u00f3s-gradua\u00e7\u00e3o em Economia da Sa\u00fade (2007-2009 e 2016) e mestrado em Avalia\u00e7\u00e3o Econ\u00f4mica de Tecnologia de Sa\u00fade (2017-2017), tamb\u00e9m pela Universidade de York.<\/p>\n<p style=\"text-align: justify;\">Iniciou sua carreira como m\u00e9dico assistente de Aten\u00e7\u00e3o Prim\u00e1ria no Hospital de Praia Brava, em Angra dos Reis (RJ), em 1981. E atuou no Hospital Geral de Jacarepagu\u00e1 (RJ), entre 1985 e 1989. Tamb\u00e9m \u00e9 um dos fundadores do Grupo COI (Cl\u00ednicas Oncol\u00f3gicas Integradas), que presidiu at\u00e9 2018, onde tamb\u00e9m criou o Instituto de Gest\u00e3o, Educa\u00e7\u00e3o e Pesquisa, destinado a realizar pesquisas cl\u00ednicas sobre c\u00e2ncer.<\/p>\n<p style=\"text-align: justify;\">Prestou consultoria em Economia da Sa\u00fade ao Hospital Israelita Albert Einstein (2010-2011) e foi membro do Projeto Oncorede da Ag\u00eancia Nacional de Sa\u00fade Suplementar (ANS), dedicado a avaliar e otimizar o cuidado do paciente com c\u00e2ncer no \u00e2mbito da sa\u00fade suplementar. E desde setembro de 2019 prestava assessoria para a Secretaria de Ci\u00eancia, Tecnologia e Insumos Estrat\u00e9gicos (SCTIE), do Minist\u00e9rio da Sa\u00fade.<\/p>\n<p style=\"text-align: justify;\">\u00c9 tamb\u00e9m autor de livros, contribuindo com as publica\u00e7\u00f5es Avalia\u00e7\u00e3o de Tecnologias em Sa\u00fade (2010); Fronteiras de Auditoria de Cuidados de Sa\u00fade (2008) e C\u00e2ncer da laringe: uma abordagem multidisciplinar (1997).<\/p>\n<p style=\"text-align: justify;\"><em>Fonte: Yahoo Not\u00edcias<\/em><\/p>\n","protected":false},"excerpt":{"rendered":"<p>O ministro da Sa\u00fade, Nelson Teich, pediu exonera\u00e7\u00e3o nesta manh\u00e3 de sexta-feira (15). A sa\u00edda foi anunciada em nota pela pasta e mais detalhes ser\u00e3o dados em coletiva de imprensa, marcada para a tarde de sexta. A sa\u00edda \u00e9 a segunda mudan\u00e7a na pasta em meio \u00e0 crise vivida por conta da\u00a0pandemia do novo coronav\u00edrus.<\/p>\n","protected":false},"author":2,"featured_media":23450,"comment_status":"open","ping_status":"open","sticky":false,"template":"","format":"standard","meta":{"om_disable_all_campaigns":false,"_monsterinsights_skip_tracking":false,"_monsterinsights_sitenote_active":false,"_monsterinsights_sitenote_note":"","_monsterinsights_sitenote_category":0,"footnotes":""},"categories":[34,70,69,21,19],"tags":[93,517,635,1885,3578,61],"class_list":["post-24223","post","type-post","status-publish","format-standard","has-post-thumbnail","hentry","category-brasil","category-destaques","category-noticias2","category-politica","category-saude","tag-brasil","tag-exoneracao","tag-ministerio-da-saude","tag-ministro-da-saude","tag-nelson-teich","tag-saude"],"aioseo_notices":[],"_links":{"self":[{"href":"https:\/\/www.portalalerta.com.br\/index.php\/wp-json\/wp\/v2\/posts\/24223","targetHints":{"allow":["GET"]}}],"collection":[{"href":"https:\/\/www.portalalerta.com.br\/index.php\/wp-json\/wp\/v2\/posts"}],"about":[{"href":"https:\/\/www.portalalerta.com.br\/index.php\/wp-json\/wp\/v2\/types\/post"}],"author":[{"embeddable":true,"href":"https:\/\/www.portalalerta.com.br\/index.php\/wp-json\/wp\/v2\/users\/2"}],"replies":[{"embeddable":true,"href":"https:\/\/www.portalalerta.com.br\/index.php\/wp-json\/wp\/v2\/comments?post=24223"}],"version-history":[{"count":1,"href":"https:\/\/www.portalalerta.com.br\/index.php\/wp-json\/wp\/v2\/posts\/24223\/revisions"}],"predecessor-version":[{"id":24224,"href":"https:\/\/www.portalalerta.com.br\/index.php\/wp-json\/wp\/v2\/posts\/24223\/revisions\/24224"}],"wp:featuredmedia":[{"embeddable":true,"href":"https:\/\/www.portalalerta.com.br\/index.php\/wp-json\/wp\/v2\/media\/23450"}],"wp:attachment":[{"href":"https:\/\/www.portalalerta.com.br\/index.php\/wp-json\/wp\/v2\/media?parent=24223"}],"wp:term":[{"taxonomy":"category","embeddable":true,"href":"https:\/\/www.portalalerta.com.br\/index.php\/wp-json\/wp\/v2\/categories?post=24223"},{"taxonomy":"post_tag","embeddable":true,"href":"https:\/\/www.portalalerta.com.br\/index.php\/wp-json\/wp\/v2\/tags?post=24223"}],"curies":[{"name":"wp","href":"https:\/\/api.w.org\/{rel}","templated":true}]}}