{"id":24229,"date":"2020-05-15T17:26:28","date_gmt":"2020-05-15T20:26:28","guid":{"rendered":"https:\/\/www.portalalerta.com.br\/?p=24229"},"modified":"2020-05-15T17:26:28","modified_gmt":"2020-05-15T20:26:28","slug":"bolsonaro-vai-cair-se-o-senhor-sair-disse-zambelli-a-moro-antes-de-saida","status":"publish","type":"post","link":"https:\/\/www.portalalerta.com.br\/index.php\/2020\/05\/15\/bolsonaro-vai-cair-se-o-senhor-sair-disse-zambelli-a-moro-antes-de-saida\/","title":{"rendered":"&#8216;Bolsonaro vai cair se o senhor sair&#8217;, disse Zambelli a Moro antes de sa\u00edda"},"content":{"rendered":"<p style=\"text-align: justify;\">A deputada federal Carla Zambelli (PSL-SP) fez um apelo ao ent\u00e3o ministro Sergio Moro no dia 23 de abril, um dia antes do ex-juiz anunciar sua demiss\u00e3o do Minist\u00e9rio da Justi\u00e7a e Seguran\u00e7a P\u00fablica. Segundo a deputada, o presidente Jair \u201cBolsonaro vai cair se o senhor [Moro] sair\u201d.<!--more--><\/p>\n<p style=\"text-align: justify;\">Ela ainda falou em nome do presidente em conversas com Moro.<br \/>\nAs declara\u00e7\u00f5es est\u00e3o em troca de mensagens entre Moro e Zambelli que foram divulgadas pela GloboNews. As mensagens est\u00e3o no inqu\u00e9rito que apura se Bolsonaro tentou interferir na Pol\u00edcia Federal.<\/p>\n<p style=\"text-align: justify;\">Moro anunciou sua demiss\u00e3o em 24 de abril e afirmou que o presidente interferiu na institui\u00e7\u00e3o ao exonerar Mauricio Valeixo do cargo de diretor-geral da PF.<\/p>\n<p style=\"text-align: justify;\">Na quarta (13), Zambelli afirmou \u00e0 Pol\u00edcia Federal que n\u00e3o conversou com Bolsonaro sobre negociar a perman\u00eancia de Moro no governo federal em troca de uma vaga de ministro do STF (Supremo Tribunal Federal). Disse tamb\u00e9m que n\u00e3o falou sobre o assunto \u201ccom pessoas em nome do presidente Jair Bolsonaro\u201d.<\/p>\n<p style=\"text-align: justify;\"><img fetchpriority=\"high\" decoding=\"async\" class=\"size-thumbnail wp-image-4869 aligncenter\" src=\"https:\/\/www.portalalerta.com.br\/wp-content\/uploads\/2018\/02\/Auto-Escola-Nobre-720x181.jpg\" alt=\"\" width=\"720\" height=\"181\" srcset=\"https:\/\/www.portalalerta.com.br\/wp-content\/uploads\/2018\/02\/Auto-Escola-Nobre.jpg 720w, https:\/\/www.portalalerta.com.br\/wp-content\/uploads\/2018\/02\/Auto-Escola-Nobre-260x65.jpg 260w, https:\/\/www.portalalerta.com.br\/wp-content\/uploads\/2018\/02\/Auto-Escola-Nobre-50x13.jpg 50w, https:\/\/www.portalalerta.com.br\/wp-content\/uploads\/2018\/02\/Auto-Escola-Nobre-150x38.jpg 150w\" sizes=\"(max-width: 720px) 100vw, 720px\" \/>De acordo com a GloboNews, no dia 17 de abril, Zambelli questionou Mauricio Valeixo no cargo de diretor-geral da PF em mensagem enviada a Moro.<\/p>\n<p style=\"text-align: justify;\"><strong>Zambelli:<\/strong> \u201cMinistro, como usual, vou usar de 100% de sinceridade. O doutor Valeixo \u00e9 o homem certo para dirigir a PF? Uma mudan\u00e7a agora seria muito bem-vinda. Os casos da Lava Jato no Congresso precisam andar. Por favor, fa\u00e7a algo urgente\u201d.<br \/>\n<strong>Moro:<\/strong> \u201cO Valeixo manteve a pris\u00e3o do Lula diante da ordem ilegal de soltura do desembargador do Rio Grande do Sul. Se algo demora na Lava Jato no STF, n\u00e3o \u00e9 pela PF, mas em rela\u00e7\u00e3o a outras pessoas\u201d.<br \/>\n<strong>Zambelli<\/strong>: \u201cConverse olho no olho com o presidente e explique tudo isso. Por favor, ministro. Pergunte onde ele quer ajudar, abra a comunica\u00e7\u00e3o\u201d.<br \/>\n<strong>Moro:<\/strong> \u201cJ\u00e1 foi falado 1 milh\u00e3o de vezes\u201d.<br \/>\n<strong>Zambelli:<\/strong> \u201cOntem, ele me disse que voc\u00ea era desarmamentista. Acho que voc\u00eas tiveram algo recente, e ele n\u00e3o confia no Valeixo\u201d.<br \/>\n<strong>Moro:<\/strong> \u201cEu acho que ele deveria confiar em mim.\u201d<\/p>\n<p style=\"text-align: justify;\">Na v\u00e9spera do an\u00fancio de demiss\u00e3o de Moro, a deputada procurou o ex-juiz novamente.<\/p>\n<p style=\"text-align: justify;\"><strong>Zambelli:<\/strong> \u201cValeixo pediu demiss\u00e3o? O PR [Presidente da Rep\u00fablica] prop\u00f4s o seguinte: J\u00e1 que o Valeixo pediu para sair, deixa o cargo vago por alguns dias. Voc\u00eas conversam com calma, se conhecem melhor, o que est\u00e1 faltando desde o come\u00e7o do mandato, e decidem juntos um nome. O que voc\u00ea acha? Pode s\u00f3 me responder se o Valeixo realmente pediu demiss\u00e3o?\u201d.<br \/>\n<strong>Moro:<\/strong> \u201cN\u00e3o pediu demiss\u00e3o\u201d.<\/p>\n<p style=\"text-align: justify;\">Em outra troca de mensagens, Zambelli tentou falar pessoalmente com Moro minutos antes do ex-juiz anunciar sua demiss\u00e3o.<\/p>\n<p style=\"text-align: justify;\"><strong>Zambelli:<\/strong> \u201cEstou aqui no MJ [Minist\u00e9rio da Justi\u00e7a], no seu andar. Por favor, me d\u00e1 5 minutos. Por favor, deixa eu s\u00f3 falar com voc\u00ea. Estou com o Lucas. Deixa eu entrar s\u00f3 5 minutos. O Planalto que pediu, mas n\u00e3o estou indo como parlamentar, mas como sua admiradora. O Brasil precisa de voc\u00ea\u201d.<br \/>\n<strong>Moro:<\/strong> \u201cSe o presidente anular o decreto de exonera\u00e7\u00e3o [do Valeixo], ok\u201d.<br \/>\n<strong>Zambelli:<\/strong> \u201cVou l\u00e1 tentar falar com ele\u201d<\/p>\n<p style=\"text-align: justify;\">No dia 23 de abril, um dia antes da demiss\u00e3o de Moro, a deputada voltou a mandar mensagens para Moro.<\/p>\n<p style=\"text-align: justify;\"><strong>Zambelli:<\/strong> \u201cO Brasil depende do senhor estar no MJ\u201d<br \/>\n<strong>Zambelli:<\/strong> \u201cBolsonaro vai cair se o senhor sair\u201d.<\/p>\n<p style=\"text-align: justify;\"><em>Fonte: Canabrava FM<\/em><\/p>\n<p style=\"text-align: justify;\"><em>Com informa\u00e7\u00f5es: Agencia Brasil<\/em><\/p>\n","protected":false},"excerpt":{"rendered":"<p>A deputada federal Carla Zambelli (PSL-SP) fez um apelo ao ent\u00e3o ministro Sergio Moro no dia 23 de abril, um dia antes do ex-juiz anunciar sua demiss\u00e3o do Minist\u00e9rio da Justi\u00e7a e Seguran\u00e7a P\u00fablica. Segundo a deputada, o presidente Jair \u201cBolsonaro vai cair se o senhor [Moro] sair\u201d.<\/p>\n","protected":false},"author":2,"featured_media":24230,"comment_status":"open","ping_status":"open","sticky":false,"template":"","format":"standard","meta":{"om_disable_all_campaigns":false,"_monsterinsights_skip_tracking":false,"_monsterinsights_sitenote_active":false,"_monsterinsights_sitenote_note":"","_monsterinsights_sitenote_category":0,"footnotes":""},"categories":[34,70,69,21],"tags":[93,3656,1590,733,541,1783,1774,443],"class_list":["post-24229","post","type-post","status-publish","format-standard","has-post-thumbnail","hentry","category-brasil","category-destaques","category-noticias2","category-politica","tag-brasil","tag-carla-zambelli","tag-deputada-federal","tag-dialogo","tag-ex-ministro","tag-ministerio-da-justica","tag-ministro-da-justica","tag-sergio-moro"],"aioseo_notices":[],"_links":{"self":[{"href":"https:\/\/www.portalalerta.com.br\/index.php\/wp-json\/wp\/v2\/posts\/24229","targetHints":{"allow":["GET"]}}],"collection":[{"href":"https:\/\/www.portalalerta.com.br\/index.php\/wp-json\/wp\/v2\/posts"}],"about":[{"href":"https:\/\/www.portalalerta.com.br\/index.php\/wp-json\/wp\/v2\/types\/post"}],"author":[{"embeddable":true,"href":"https:\/\/www.portalalerta.com.br\/index.php\/wp-json\/wp\/v2\/users\/2"}],"replies":[{"embeddable":true,"href":"https:\/\/www.portalalerta.com.br\/index.php\/wp-json\/wp\/v2\/comments?post=24229"}],"version-history":[{"count":1,"href":"https:\/\/www.portalalerta.com.br\/index.php\/wp-json\/wp\/v2\/posts\/24229\/revisions"}],"predecessor-version":[{"id":24231,"href":"https:\/\/www.portalalerta.com.br\/index.php\/wp-json\/wp\/v2\/posts\/24229\/revisions\/24231"}],"wp:featuredmedia":[{"embeddable":true,"href":"https:\/\/www.portalalerta.com.br\/index.php\/wp-json\/wp\/v2\/media\/24230"}],"wp:attachment":[{"href":"https:\/\/www.portalalerta.com.br\/index.php\/wp-json\/wp\/v2\/media?parent=24229"}],"wp:term":[{"taxonomy":"category","embeddable":true,"href":"https:\/\/www.portalalerta.com.br\/index.php\/wp-json\/wp\/v2\/categories?post=24229"},{"taxonomy":"post_tag","embeddable":true,"href":"https:\/\/www.portalalerta.com.br\/index.php\/wp-json\/wp\/v2\/tags?post=24229"}],"curies":[{"name":"wp","href":"https:\/\/api.w.org\/{rel}","templated":true}]}}