{"id":24232,"date":"2020-05-15T17:39:06","date_gmt":"2020-05-15T20:39:06","guid":{"rendered":"https:\/\/www.portalalerta.com.br\/?p=24232"},"modified":"2020-05-15T17:39:06","modified_gmt":"2020-05-15T20:39:06","slug":"idosa-de-67-anos-testa-positivo-para-covid-19-em-araci","status":"publish","type":"post","link":"https:\/\/www.portalalerta.com.br\/index.php\/2020\/05\/15\/idosa-de-67-anos-testa-positivo-para-covid-19-em-araci\/","title":{"rendered":"Idosa de 67 anos testa positivo para Covid-19 em Araci"},"content":{"rendered":"<p style=\"text-align: justify;\">Nesta quinta-feira (14), a secretaria de Sa\u00fade de Araci-BA, atrav\u00e9s de testagem r\u00e1pida, identificou um caso positivo para contamina\u00e7\u00e3o pelo Covid-19 (coronav\u00edrus) no munic\u00edpio. A paciente tem 67 anos, e \u00e9 portadora de diabetes e cardiopatia. Seu estado \u00e9 est\u00e1vel e ela est\u00e1 em acompanhamento pela equipe do Hospital de Refer\u00eancia do Bairro do S\u00e3o Jo\u00e3o.<!--more--><\/p>\n<p style=\"text-align: justify;\"><img fetchpriority=\"high\" decoding=\"async\" class=\"size-thumbnail wp-image-23589 aligncenter\" src=\"https:\/\/www.portalalerta.com.br\/wp-content\/uploads\/2020\/04\/real-acordo-720x93.jpg\" alt=\"\" width=\"720\" height=\"93\" \/>Foi enviada amostra do sangue da paciente para o teste no Lacen. A Prefeitura aguarda o resultado desta contraprova. Neste momento, em Araci, foram feitas 40 notifica\u00e7\u00f5es de casos suspeitos. Segundo a Prefeitura de Araci, com a confirma\u00e7\u00e3o oficial, a cidade passa a ter 02 casos positivos, sendo um \u00f3bito. \u201c<em>Tivemos outros 38 exames descartados pelo Laborat\u00f3rio Central de Sa\u00fade P\u00fablica do Estado da Bahia \u2013 Lacen. Vamos continuar com nossos esfor\u00e7os para manter a contamina\u00e7\u00e3o longe de nosso munic\u00edpio. \u00c9 necess\u00e1rio que todos se empenhem mais ainda com os cuidados com a higieniza\u00e7\u00e3o das m\u00e3os e com o uso das m\u00e1scaras e, principalmente, que evitem aglomera\u00e7\u00f5es desnecess\u00e1rias. Lembramos que para acessar qualquer um dos estabelecimentos comerciais em nosso munic\u00edpio, todos devem estar usando m\u00e1scaras. Todos os comerciantes j\u00e1 foram orientados a disponibilizarem o \u00e1lcool em gel para a higieniza\u00e7\u00e3o das m\u00e3os, e permitir apenas que os clientes que estejam usando m\u00e1scaras, entrem nos com\u00e9rcios. \u00c9 uma prote\u00e7\u00e3o para todos. N\u00e3o podemos esquecer, ainda, de manter os cuidados b\u00e1sicos: lavar sempre as m\u00e3os com \u00e1gua e sab\u00e3o, e na aus\u00eancia desses, usem o \u00e1lcool gel. Essa subst\u00e2ncia tamb\u00e9m deve ser usada para higienizar objetos que usamos<\/em>\u201c, diz a nota da Prefeitura.<\/p>\n<p style=\"text-align: justify;\"><em>Fonte: A Voz do Campo<\/em><\/p>\n","protected":false},"excerpt":{"rendered":"<p>Nesta quinta-feira (14), a secretaria de Sa\u00fade de Araci-BA, atrav\u00e9s de testagem r\u00e1pida, identificou um caso positivo para contamina\u00e7\u00e3o pelo Covid-19 (coronav\u00edrus) no munic\u00edpio. A paciente tem 67 anos, e \u00e9 portadora de diabetes e cardiopatia. Seu estado \u00e9 est\u00e1vel e ela est\u00e1 em acompanhamento pela equipe do Hospital de Refer\u00eancia do Bairro do S\u00e3o &hellip;<\/p>\n","protected":false},"author":2,"featured_media":22081,"comment_status":"open","ping_status":"open","sticky":false,"template":"","format":"standard","meta":{"om_disable_all_campaigns":false,"_monsterinsights_skip_tracking":false,"_monsterinsights_sitenote_active":false,"_monsterinsights_sitenote_note":"","_monsterinsights_sitenote_category":0,"footnotes":""},"categories":[41,70,69,32,19],"tags":[48,3429,3486,535,61],"class_list":["post-24232","post","type-post","status-publish","format-standard","has-post-thumbnail","hentry","category-araci","category-destaques","category-noticias2","category-regiao","category-saude","tag-araci","tag-coronavirus","tag-covid-19","tag-idosa","tag-saude"],"aioseo_notices":[],"_links":{"self":[{"href":"https:\/\/www.portalalerta.com.br\/index.php\/wp-json\/wp\/v2\/posts\/24232","targetHints":{"allow":["GET"]}}],"collection":[{"href":"https:\/\/www.portalalerta.com.br\/index.php\/wp-json\/wp\/v2\/posts"}],"about":[{"href":"https:\/\/www.portalalerta.com.br\/index.php\/wp-json\/wp\/v2\/types\/post"}],"author":[{"embeddable":true,"href":"https:\/\/www.portalalerta.com.br\/index.php\/wp-json\/wp\/v2\/users\/2"}],"replies":[{"embeddable":true,"href":"https:\/\/www.portalalerta.com.br\/index.php\/wp-json\/wp\/v2\/comments?post=24232"}],"version-history":[{"count":1,"href":"https:\/\/www.portalalerta.com.br\/index.php\/wp-json\/wp\/v2\/posts\/24232\/revisions"}],"predecessor-version":[{"id":24233,"href":"https:\/\/www.portalalerta.com.br\/index.php\/wp-json\/wp\/v2\/posts\/24232\/revisions\/24233"}],"wp:featuredmedia":[{"embeddable":true,"href":"https:\/\/www.portalalerta.com.br\/index.php\/wp-json\/wp\/v2\/media\/22081"}],"wp:attachment":[{"href":"https:\/\/www.portalalerta.com.br\/index.php\/wp-json\/wp\/v2\/media?parent=24232"}],"wp:term":[{"taxonomy":"category","embeddable":true,"href":"https:\/\/www.portalalerta.com.br\/index.php\/wp-json\/wp\/v2\/categories?post=24232"},{"taxonomy":"post_tag","embeddable":true,"href":"https:\/\/www.portalalerta.com.br\/index.php\/wp-json\/wp\/v2\/tags?post=24232"}],"curies":[{"name":"wp","href":"https:\/\/api.w.org\/{rel}","templated":true}]}}