{"id":24234,"date":"2020-05-15T19:31:24","date_gmt":"2020-05-15T22:31:24","guid":{"rendered":"https:\/\/www.portalalerta.com.br\/?p=24234"},"modified":"2020-05-15T19:31:24","modified_gmt":"2020-05-15T22:31:24","slug":"prefeito-acm-neto-e-vice-bruno-reis-testam-negativo-para-covid-19","status":"publish","type":"post","link":"https:\/\/www.portalalerta.com.br\/index.php\/2020\/05\/15\/prefeito-acm-neto-e-vice-bruno-reis-testam-negativo-para-covid-19\/","title":{"rendered":"Prefeito ACM Neto e vice Bruno Reis testam negativo para Covid-19"},"content":{"rendered":"<p style=\"text-align: justify;\">O prefeito ACM Neto e o vice, Bruno Reis, testaram negativo para Covid-19. A informa\u00e7\u00e3o foi divulgada nesta quinta-feira (14) pela Prefeitura de Salvador. ACM Neto, que realizou dois exames, um em um hospital particular e outro no Lacen, foi testado ap\u00f3s um chefe de gabinete do prefeito testar positivo para Covid-19 na quarta-feira (13).<!--more--><\/p>\n<p style=\"text-align: justify;\"><img fetchpriority=\"high\" decoding=\"async\" class=\"size-full wp-image-2902 alignleft\" src=\"https:\/\/www.portalalerta.com.br\/wp-content\/uploads\/2017\/11\/elab-2.jpg\" alt=\"\" width=\"310\" height=\"200\" srcset=\"https:\/\/www.portalalerta.com.br\/wp-content\/uploads\/2017\/11\/elab-2.jpg 310w, https:\/\/www.portalalerta.com.br\/wp-content\/uploads\/2017\/11\/elab-2-226x146.jpg 226w, https:\/\/www.portalalerta.com.br\/wp-content\/uploads\/2017\/11\/elab-2-50x32.jpg 50w, https:\/\/www.portalalerta.com.br\/wp-content\/uploads\/2017\/11\/elab-2-116x75.jpg 116w\" sizes=\"(max-width: 310px) 100vw, 310px\" \/>Kaio Moraes foi o segundo auxiliar do gestor da capital baiana a ter diagn\u00f3stico positivo para coronav\u00edrus nesta semana. Com os resultados negativos, o prefeito retoma a agenda normal de trabalho a partir de segunda-feira (18). O Pal\u00e1cio Thom\u00e9 de Souza estar\u00e1 fechado nesta sexta (15), por causa de uma desinfec\u00e7\u00e3o iniciada na noite desta quinta (14). A fam\u00edlia do prefeito tamb\u00e9m passou por testes para identifica\u00e7\u00e3o da Covid-19, mas n\u00e3o h\u00e1 informa\u00e7\u00f5es sobre os resultados.<\/p>\n<p style=\"text-align: justify;\">Esta foi a quarta vez que ACM Neto fez o teste para Covid-19. Na \u00faltima ter\u00e7a-feira, o subchefe de gabinete, Matheus Sim\u00f5es, tamb\u00e9m testou positivo. Segundo a prefeitura, tanto Kaio Moraes quanto Matheus Sim\u00f5es est\u00e3o bem e se recuperam em casa.<\/p>\n<p style=\"text-align: justify;\"><em>Fonte: Not\u00edcias de SantaLuz<\/em><\/p>\n","protected":false},"excerpt":{"rendered":"<p>O prefeito ACM Neto e o vice, Bruno Reis, testaram negativo para Covid-19. A informa\u00e7\u00e3o foi divulgada nesta quinta-feira (14) pela Prefeitura de Salvador. ACM Neto, que realizou dois exames, um em um hospital particular e outro no Lacen, foi testado ap\u00f3s um chefe de gabinete do prefeito testar positivo para Covid-19 na quarta-feira (13).<\/p>\n","protected":false},"author":2,"featured_media":24236,"comment_status":"open","ping_status":"open","sticky":false,"template":"","format":"standard","meta":{"om_disable_all_campaigns":false,"_monsterinsights_skip_tracking":false,"_monsterinsights_sitenote_active":false,"_monsterinsights_sitenote_note":"","_monsterinsights_sitenote_category":0,"footnotes":""},"categories":[33,70,69,21,19],"tags":[722,54,3429,3486,198,330,61],"class_list":["post-24234","post","type-post","status-publish","format-standard","has-post-thumbnail","hentry","category-bahia","category-destaques","category-noticias2","category-politica","category-saude","tag-acm-neto","tag-bahia","tag-coronavirus","tag-covid-19","tag-prefeito","tag-salvador","tag-saude"],"aioseo_notices":[],"_links":{"self":[{"href":"https:\/\/www.portalalerta.com.br\/index.php\/wp-json\/wp\/v2\/posts\/24234","targetHints":{"allow":["GET"]}}],"collection":[{"href":"https:\/\/www.portalalerta.com.br\/index.php\/wp-json\/wp\/v2\/posts"}],"about":[{"href":"https:\/\/www.portalalerta.com.br\/index.php\/wp-json\/wp\/v2\/types\/post"}],"author":[{"embeddable":true,"href":"https:\/\/www.portalalerta.com.br\/index.php\/wp-json\/wp\/v2\/users\/2"}],"replies":[{"embeddable":true,"href":"https:\/\/www.portalalerta.com.br\/index.php\/wp-json\/wp\/v2\/comments?post=24234"}],"version-history":[{"count":1,"href":"https:\/\/www.portalalerta.com.br\/index.php\/wp-json\/wp\/v2\/posts\/24234\/revisions"}],"predecessor-version":[{"id":24237,"href":"https:\/\/www.portalalerta.com.br\/index.php\/wp-json\/wp\/v2\/posts\/24234\/revisions\/24237"}],"wp:featuredmedia":[{"embeddable":true,"href":"https:\/\/www.portalalerta.com.br\/index.php\/wp-json\/wp\/v2\/media\/24236"}],"wp:attachment":[{"href":"https:\/\/www.portalalerta.com.br\/index.php\/wp-json\/wp\/v2\/media?parent=24234"}],"wp:term":[{"taxonomy":"category","embeddable":true,"href":"https:\/\/www.portalalerta.com.br\/index.php\/wp-json\/wp\/v2\/categories?post=24234"},{"taxonomy":"post_tag","embeddable":true,"href":"https:\/\/www.portalalerta.com.br\/index.php\/wp-json\/wp\/v2\/tags?post=24234"}],"curies":[{"name":"wp","href":"https:\/\/api.w.org\/{rel}","templated":true}]}}