{"id":24243,"date":"2020-05-16T10:41:38","date_gmt":"2020-05-16T13:41:38","guid":{"rendered":"https:\/\/www.portalalerta.com.br\/?p=24243"},"modified":"2020-05-16T10:41:38","modified_gmt":"2020-05-16T13:41:38","slug":"prefeito-de-aracaju-se-testa-positivo-para-covid-19","status":"publish","type":"post","link":"https:\/\/www.portalalerta.com.br\/index.php\/2020\/05\/16\/prefeito-de-aracaju-se-testa-positivo-para-covid-19\/","title":{"rendered":"Prefeito de Aracaju-SE testa positivo para Covid-19"},"content":{"rendered":"<p style=\"text-align: justify;\">O prefeito de Aracaju, Edvaldo Nogueira, informou que est\u00e1 com a Covid-19. Ele fez o an\u00fancio em uma rede social, ap\u00f3s receber o resultado do teste na manh\u00e3 desta sexta-feira (15). A capital sergipana tem mais de\u00a01,7 mil casos confirmados e 18 pessoas\u00a0mortas pela doen\u00e7a.<!--more--><\/p>\n<p style=\"text-align: justify;\">\u201cEu estou bem. E vou ficar agora de quarentena, mas continuarei trabalhando para que nossa cidade enfrente o coronav\u00edrus. Ficarei em casa trabalhando, mobilizando o secretariado e tomando as decis\u00f5es necess\u00e1rias\u201d, disse. Nogueira tamb\u00e9m pediu que a popula\u00e7\u00e3o fique em casa.<\/p>\n<p style=\"text-align: justify;\"><img fetchpriority=\"high\" decoding=\"async\" class=\"size-thumbnail wp-image-9394 alignleft\" src=\"https:\/\/www.portalalerta.com.br\/wp-content\/uploads\/2018\/07\/05elab-320x240.jpg\" alt=\"\" width=\"320\" height=\"240\" srcset=\"https:\/\/www.portalalerta.com.br\/wp-content\/uploads\/2018\/07\/05elab-320x240.jpg 320w, https:\/\/www.portalalerta.com.br\/wp-content\/uploads\/2018\/07\/05elab-195x146.jpg 195w, https:\/\/www.portalalerta.com.br\/wp-content\/uploads\/2018\/07\/05elab-50x38.jpg 50w, https:\/\/www.portalalerta.com.br\/wp-content\/uploads\/2018\/07\/05elab-100x75.jpg 100w, https:\/\/www.portalalerta.com.br\/wp-content\/uploads\/2018\/07\/05elab.jpg 400w\" sizes=\"(max-width: 320px) 100vw, 320px\" \/>Al\u00e9m dele, figuras p\u00fablicas como a\u00a0<strong>vice-governadora<\/strong>\u00a0Eliane Aquino, o\u00a0<strong>secret\u00e1rio-geral do governo<\/strong>, Jos\u00e9 Carlos Felizola, al\u00e9m do\u00a0<strong>presidente da Assembleia Legislativa de Sergipe (Alese), Luciano Bispo (MDB), o l\u00edder do governo, Zezinho Sobral (Podemos)<\/strong>, do procurador-geral do estado,\u00a0<strong>Vin\u00edcius Oliveira<\/strong>, e da\u00a0<strong>delegada-geral da Pol\u00edcia Civil<\/strong>, Katarina Feitoza tamb\u00e9m testaram positivo para a doen\u00e7a.<\/p>\n<p style=\"text-align: justify;\">O prefeito de Aracaju, Edvaldo Nogueira, informou que est\u00e1 com a Covid-19. Ele fez o an\u00fancio em uma rede social, ap\u00f3s receber o resultado do teste na manh\u00e3 desta sexta-feira (15). A capital sergipana tem mais de\u00a0<strong>1,7 mil casos confirmados e 18 pessoas<\/strong>\u00a0mortas pela doen\u00e7a.<\/p>\n<p style=\"text-align: justify;\">\u201cEu estou bem. E vou ficar agora de quarentena, mas continuarei trabalhando para que nossa cidade enfrente o coronav\u00edrus. Ficarei em casa trabalhando, mobilizando o secretariado e tomando as decis\u00f5es necess\u00e1rias\u201d, disse. Nogueira tamb\u00e9m pediu que a popula\u00e7\u00e3o fique em casa.<\/p>\n<p style=\"text-align: justify;\">Al\u00e9m dele, figuras p\u00fablicas como a\u00a0<strong>vice-governadora<\/strong>\u00a0Eliane Aquino, o\u00a0<strong>secret\u00e1rio-geral do governo<\/strong>, Jos\u00e9 Carlos Felizola, al\u00e9m do\u00a0<strong>presidente da Assembleia Legislativa de Sergipe (Alese), Luciano Bispo (MDB), o l\u00edder do governo, Zezinho Sobral (Podemos)<\/strong>, do procurador-geral do estado,\u00a0<strong>Vin\u00edcius Oliveira<\/strong>, e da\u00a0<strong>delegada-geral da Pol\u00edcia Civil<\/strong>, Katarina Feitoza tamb\u00e9m testaram positivo para a doen\u00e7a. Do g1se<\/p>\n<p style=\"text-align: justify;\"><em>Fonte: Itapicuru Not\u00edcias<\/em><\/p>\n","protected":false},"excerpt":{"rendered":"<p>O prefeito de Aracaju, Edvaldo Nogueira, informou que est\u00e1 com a Covid-19. Ele fez o an\u00fancio em uma rede social, ap\u00f3s receber o resultado do teste na manh\u00e3 desta sexta-feira (15). A capital sergipana tem mais de\u00a01,7 mil casos confirmados e 18 pessoas\u00a0mortas pela doen\u00e7a.<\/p>\n","protected":false},"author":2,"featured_media":24244,"comment_status":"open","ping_status":"open","sticky":false,"template":"","format":"standard","meta":{"om_disable_all_campaigns":false,"_monsterinsights_skip_tracking":false,"_monsterinsights_sitenote_active":false,"_monsterinsights_sitenote_note":"","_monsterinsights_sitenote_category":0,"footnotes":""},"categories":[34,70,69,21,19],"tags":[487,93,3429,3486,3657,198,61,114],"class_list":["post-24243","post","type-post","status-publish","format-standard","has-post-thumbnail","hentry","category-brasil","category-destaques","category-noticias2","category-politica","category-saude","tag-aracaju","tag-brasil","tag-coronavirus","tag-covid-19","tag-edvaldo-nogueira","tag-prefeito","tag-saude","tag-sergipe"],"aioseo_notices":[],"_links":{"self":[{"href":"https:\/\/www.portalalerta.com.br\/index.php\/wp-json\/wp\/v2\/posts\/24243","targetHints":{"allow":["GET"]}}],"collection":[{"href":"https:\/\/www.portalalerta.com.br\/index.php\/wp-json\/wp\/v2\/posts"}],"about":[{"href":"https:\/\/www.portalalerta.com.br\/index.php\/wp-json\/wp\/v2\/types\/post"}],"author":[{"embeddable":true,"href":"https:\/\/www.portalalerta.com.br\/index.php\/wp-json\/wp\/v2\/users\/2"}],"replies":[{"embeddable":true,"href":"https:\/\/www.portalalerta.com.br\/index.php\/wp-json\/wp\/v2\/comments?post=24243"}],"version-history":[{"count":1,"href":"https:\/\/www.portalalerta.com.br\/index.php\/wp-json\/wp\/v2\/posts\/24243\/revisions"}],"predecessor-version":[{"id":24245,"href":"https:\/\/www.portalalerta.com.br\/index.php\/wp-json\/wp\/v2\/posts\/24243\/revisions\/24245"}],"wp:featuredmedia":[{"embeddable":true,"href":"https:\/\/www.portalalerta.com.br\/index.php\/wp-json\/wp\/v2\/media\/24244"}],"wp:attachment":[{"href":"https:\/\/www.portalalerta.com.br\/index.php\/wp-json\/wp\/v2\/media?parent=24243"}],"wp:term":[{"taxonomy":"category","embeddable":true,"href":"https:\/\/www.portalalerta.com.br\/index.php\/wp-json\/wp\/v2\/categories?post=24243"},{"taxonomy":"post_tag","embeddable":true,"href":"https:\/\/www.portalalerta.com.br\/index.php\/wp-json\/wp\/v2\/tags?post=24243"}],"curies":[{"name":"wp","href":"https:\/\/api.w.org\/{rel}","templated":true}]}}