{"id":24252,"date":"2020-05-16T10:47:32","date_gmt":"2020-05-16T13:47:32","guid":{"rendered":"https:\/\/www.portalalerta.com.br\/?p=24252"},"modified":"2020-05-16T10:47:32","modified_gmt":"2020-05-16T13:47:32","slug":"profissional-de-saude-e-o-segundo-paciente-curado-em-ribeira-do-pombal-ba","status":"publish","type":"post","link":"https:\/\/www.portalalerta.com.br\/index.php\/2020\/05\/16\/profissional-de-saude-e-o-segundo-paciente-curado-em-ribeira-do-pombal-ba\/","title":{"rendered":"Profissional de Sa\u00fade, \u00e9 o segundo paciente curado em Ribeira do Pombal-BA"},"content":{"rendered":"<p style=\"text-align: justify;\">O segundo paciente curado da Covid-19 (Coronav\u00edrus) em Ribeira do Pombal-BA, foi identificado como o profissional de sa\u00fade que teve contato com dos primeiros infectados.<!--more--><\/p>\n<p style=\"text-align: justify;\"><img fetchpriority=\"high\" decoding=\"async\" class=\"size-thumbnail wp-image-9394 alignleft\" src=\"https:\/\/www.portalalerta.com.br\/wp-content\/uploads\/2018\/07\/05elab-320x240.jpg\" alt=\"\" width=\"320\" height=\"240\" srcset=\"https:\/\/www.portalalerta.com.br\/wp-content\/uploads\/2018\/07\/05elab-320x240.jpg 320w, https:\/\/www.portalalerta.com.br\/wp-content\/uploads\/2018\/07\/05elab-195x146.jpg 195w, https:\/\/www.portalalerta.com.br\/wp-content\/uploads\/2018\/07\/05elab-50x38.jpg 50w, https:\/\/www.portalalerta.com.br\/wp-content\/uploads\/2018\/07\/05elab-100x75.jpg 100w, https:\/\/www.portalalerta.com.br\/wp-content\/uploads\/2018\/07\/05elab.jpg 400w\" sizes=\"(max-width: 320px) 100vw, 320px\" \/><a href=\"https:\/\/www.portalalerta.com.br\/index.php\/2020\/05\/06\/quarto-infectado-por-covid-19-em-ribeira-do-pombal-ba-e-um-profissional-da-area-de-saude\/\"><strong>O rapaz de 38 anos de idade, teve o seu caso confirmado no dia 06 do corrente m\u00eas, e em nenhum momento apresentou sintomas para a doen\u00e7a (assintom\u00e1tico)<\/strong><\/a>. Durante todo o tempo permaneceu em isolamento domiciliar, como forma preventiva de dissemina\u00e7\u00e3o da doen\u00e7a.<\/p>\n<p style=\"text-align: justify;\">Na \u00faltima quarta-feira, 13, o referido paciente foi submetido a mais um exame, que comprovou que o mesmo se encontra curado.<\/p>\n<p style=\"text-align: justify;\">Vale ressaltar que esta foi a quarta pessoa infectada em Ribeira do Pombal-BA. Antes dela, a primeira tamb\u00e9m j\u00e1 foi curada, a segunda evoluiu a \u00f3bito, e a terceira ainda n\u00e3o teve a cura anunciada.<\/p>\n<p style=\"text-align: justify;\"><em>Reda\u00e7\u00e3o: Portal Alerta<\/em><\/p>\n<p style=\"text-align: justify;\"><strong><em>#fiqueemcasa<\/em><\/strong><\/p>\n","protected":false},"excerpt":{"rendered":"<p>O segundo paciente curado da Covid-19 (Coronav\u00edrus) em Ribeira do Pombal-BA, foi identificado como o profissional de sa\u00fade que teve contato com dos primeiros infectados.<\/p>\n","protected":false},"author":2,"featured_media":24253,"comment_status":"open","ping_status":"open","sticky":false,"template":"","format":"standard","meta":{"om_disable_all_campaigns":false,"_monsterinsights_skip_tracking":false,"_monsterinsights_sitenote_active":false,"_monsterinsights_sitenote_note":"","_monsterinsights_sitenote_category":0,"footnotes":""},"categories":[70,69,32,3,19],"tags":[3429,3486,3454,47,61],"class_list":["post-24252","post","type-post","status-publish","format-standard","has-post-thumbnail","hentry","category-destaques","category-noticias2","category-regiao","category-ribeira-do-pombal","category-saude","tag-coronavirus","tag-covid-19","tag-cura","tag-ribeira-do-pombal","tag-saude"],"aioseo_notices":[],"_links":{"self":[{"href":"https:\/\/www.portalalerta.com.br\/index.php\/wp-json\/wp\/v2\/posts\/24252","targetHints":{"allow":["GET"]}}],"collection":[{"href":"https:\/\/www.portalalerta.com.br\/index.php\/wp-json\/wp\/v2\/posts"}],"about":[{"href":"https:\/\/www.portalalerta.com.br\/index.php\/wp-json\/wp\/v2\/types\/post"}],"author":[{"embeddable":true,"href":"https:\/\/www.portalalerta.com.br\/index.php\/wp-json\/wp\/v2\/users\/2"}],"replies":[{"embeddable":true,"href":"https:\/\/www.portalalerta.com.br\/index.php\/wp-json\/wp\/v2\/comments?post=24252"}],"version-history":[{"count":2,"href":"https:\/\/www.portalalerta.com.br\/index.php\/wp-json\/wp\/v2\/posts\/24252\/revisions"}],"predecessor-version":[{"id":24255,"href":"https:\/\/www.portalalerta.com.br\/index.php\/wp-json\/wp\/v2\/posts\/24252\/revisions\/24255"}],"wp:featuredmedia":[{"embeddable":true,"href":"https:\/\/www.portalalerta.com.br\/index.php\/wp-json\/wp\/v2\/media\/24253"}],"wp:attachment":[{"href":"https:\/\/www.portalalerta.com.br\/index.php\/wp-json\/wp\/v2\/media?parent=24252"}],"wp:term":[{"taxonomy":"category","embeddable":true,"href":"https:\/\/www.portalalerta.com.br\/index.php\/wp-json\/wp\/v2\/categories?post=24252"},{"taxonomy":"post_tag","embeddable":true,"href":"https:\/\/www.portalalerta.com.br\/index.php\/wp-json\/wp\/v2\/tags?post=24252"}],"curies":[{"name":"wp","href":"https:\/\/api.w.org\/{rel}","templated":true}]}}