{"id":24264,"date":"2020-05-17T18:50:16","date_gmt":"2020-05-17T21:50:16","guid":{"rendered":"https:\/\/www.portalalerta.com.br\/?p=24264"},"modified":"2020-05-17T19:23:24","modified_gmt":"2020-05-17T22:23:24","slug":"eslovenia-e-primeiro-pais-da-europa-a-declarar-fim-da-epidemia-de-coronavirus","status":"publish","type":"post","link":"https:\/\/www.portalalerta.com.br\/index.php\/2020\/05\/17\/eslovenia-e-primeiro-pais-da-europa-a-declarar-fim-da-epidemia-de-coronavirus\/","title":{"rendered":"Eslov\u00eania \u00e9 primeiro pa\u00eds da Europa a declarar fim da epidemia de coronav\u00edrus"},"content":{"rendered":"<p style=\"text-align: justify;\">O governo esloveno anunciou o fim da epidemia de Covid-19 em seu territ\u00f3rio na \u00faltima quinta-feira (14) e reabriu suas fronteiras. Algumas medidas preventivas continuam em vigor no pa\u00eds da Europa Central para evitar a volta de contamina\u00e7\u00f5es.<!--more--><\/p>\n<p style=\"text-align: justify;\"><img fetchpriority=\"high\" decoding=\"async\" class=\"size-thumbnail wp-image-9394 alignleft\" src=\"https:\/\/www.portalalerta.com.br\/wp-content\/uploads\/2018\/07\/05elab-320x240.jpg\" alt=\"\" width=\"320\" height=\"240\" srcset=\"https:\/\/www.portalalerta.com.br\/wp-content\/uploads\/2018\/07\/05elab-320x240.jpg 320w, https:\/\/www.portalalerta.com.br\/wp-content\/uploads\/2018\/07\/05elab-195x146.jpg 195w, https:\/\/www.portalalerta.com.br\/wp-content\/uploads\/2018\/07\/05elab-50x38.jpg 50w, https:\/\/www.portalalerta.com.br\/wp-content\/uploads\/2018\/07\/05elab-100x75.jpg 100w, https:\/\/www.portalalerta.com.br\/wp-content\/uploads\/2018\/07\/05elab.jpg 400w\" sizes=\"(max-width: 320px) 100vw, 320px\" \/>A Eslov\u00eania havia declarado a epidemia em seu territ\u00f3rio em 12 de mar\u00e7o e \u00e9 o primeiro pa\u00eds da Uni\u00e3o Europeia a anunciar o fim do surto. O primeiro-ministro Janez Jansa justificou a decis\u00e3o afirmando, em discurso no Parlamento, que \u201ca Eslov\u00eania controlou a epidemia e hoje tem a melhor situa\u00e7\u00e3o cl\u00ednica na Europa\u201d em rela\u00e7\u00e3o \u00e0 Covid-19. Todas as fronteiras do pa\u00eds ser\u00e3o reabertas. Os cidad\u00e3os europeus poder\u00e3o circular sem entraves. Os outros viajantes dever\u00e3o respeitar uma quarentena de ao menos sete dias quando chegarem ao pa\u00eds.<\/p>\n<p style=\"text-align: justify;\">A Eslov\u00eania, localizada em parte nos Balc\u00e3s, tem divisas com a \u00c1ustria, Cro\u00e1cia, Hungria e It\u00e1lia. A pequena na\u00e7\u00e3o, de dois milh\u00f5es de habitantes, registrou ao todo 103 mortes e 1.500 casos de contamina\u00e7\u00e3o do novo coronav\u00edrus. Nos \u00faltimos dias, o n\u00famero de novas infec\u00e7\u00f5es foi baixo. Apenas sete novos casos cotidianos di\u00e1rios ocorreram nas duas \u00faltimas semanas.<\/p>\n<p style=\"text-align: justify;\">Entre as medidas que permanecer\u00e3o em vigor para evitar uma segunda onda de contamina\u00e7\u00f5es est\u00e3o a proibi\u00e7\u00e3o de reuni\u00f5es p\u00fablicas, o uso de m\u00e1scaras e regras de distanciamento social em locais p\u00fablicos.<\/p>\n<p style=\"text-align: justify;\"><em>Fonte: Not\u00edcias de SantaLuz<\/em><\/p>\n","protected":false},"excerpt":{"rendered":"<p>O governo esloveno anunciou o fim da epidemia de Covid-19 em seu territ\u00f3rio na \u00faltima quinta-feira (14) e reabriu suas fronteiras. Algumas medidas preventivas continuam em vigor no pa\u00eds da Europa Central para evitar a volta de contamina\u00e7\u00f5es.<\/p>\n","protected":false},"author":2,"featured_media":24268,"comment_status":"open","ping_status":"open","sticky":false,"template":"","format":"standard","meta":{"om_disable_all_campaigns":false,"_monsterinsights_skip_tracking":false,"_monsterinsights_sitenote_active":false,"_monsterinsights_sitenote_note":"","_monsterinsights_sitenote_category":0,"footnotes":""},"categories":[70,35,69,19],"tags":[3429,3486,3454,3659,339,61],"class_list":["post-24264","post","type-post","status-publish","format-standard","has-post-thumbnail","hentry","category-destaques","category-mundo","category-noticias2","category-saude","tag-coronavirus","tag-covid-19","tag-cura","tag-eslovenia","tag-mundo","tag-saude"],"aioseo_notices":[],"_links":{"self":[{"href":"https:\/\/www.portalalerta.com.br\/index.php\/wp-json\/wp\/v2\/posts\/24264","targetHints":{"allow":["GET"]}}],"collection":[{"href":"https:\/\/www.portalalerta.com.br\/index.php\/wp-json\/wp\/v2\/posts"}],"about":[{"href":"https:\/\/www.portalalerta.com.br\/index.php\/wp-json\/wp\/v2\/types\/post"}],"author":[{"embeddable":true,"href":"https:\/\/www.portalalerta.com.br\/index.php\/wp-json\/wp\/v2\/users\/2"}],"replies":[{"embeddable":true,"href":"https:\/\/www.portalalerta.com.br\/index.php\/wp-json\/wp\/v2\/comments?post=24264"}],"version-history":[{"count":2,"href":"https:\/\/www.portalalerta.com.br\/index.php\/wp-json\/wp\/v2\/posts\/24264\/revisions"}],"predecessor-version":[{"id":24269,"href":"https:\/\/www.portalalerta.com.br\/index.php\/wp-json\/wp\/v2\/posts\/24264\/revisions\/24269"}],"wp:featuredmedia":[{"embeddable":true,"href":"https:\/\/www.portalalerta.com.br\/index.php\/wp-json\/wp\/v2\/media\/24268"}],"wp:attachment":[{"href":"https:\/\/www.portalalerta.com.br\/index.php\/wp-json\/wp\/v2\/media?parent=24264"}],"wp:term":[{"taxonomy":"category","embeddable":true,"href":"https:\/\/www.portalalerta.com.br\/index.php\/wp-json\/wp\/v2\/categories?post=24264"},{"taxonomy":"post_tag","embeddable":true,"href":"https:\/\/www.portalalerta.com.br\/index.php\/wp-json\/wp\/v2\/tags?post=24264"}],"curies":[{"name":"wp","href":"https:\/\/api.w.org\/{rel}","templated":true}]}}