{"id":24270,"date":"2020-05-17T18:57:50","date_gmt":"2020-05-17T21:57:50","guid":{"rendered":"https:\/\/www.portalalerta.com.br\/?p=24270"},"modified":"2020-05-17T18:57:50","modified_gmt":"2020-05-17T21:57:50","slug":"idoso-morre-com-tiro-e-outro-fica-gravemente-ferido-de-facada-apos-desentendimento-na-zona-rural-de-tucano-ba","status":"publish","type":"post","link":"https:\/\/www.portalalerta.com.br\/index.php\/2020\/05\/17\/idoso-morre-com-tiro-e-outro-fica-gravemente-ferido-de-facada-apos-desentendimento-na-zona-rural-de-tucano-ba\/","title":{"rendered":"Idoso morre com tiro e outro fica gravemente ferido de facada ap\u00f3s desentendimento na zona rural de Tucano-BA"},"content":{"rendered":"<p style=\"text-align: justify;\">Por volta das 23:00hs deste s\u00e1bado (16), a Pol\u00edcia Militar em Tucano-BA foi informada sobre uma ocorr\u00eancia de homic\u00eddio no povoado Sitio do Mandacaru, no referido munic\u00edpio.<!--more--><\/p>\n<p style=\"text-align: justify;\">De acordo com informa\u00e7\u00f5es, o autor teria sido um idoso de 68 anos de idade, tendo como v\u00edtima, o pr\u00f3prio irm\u00e3o, de prenome Francisco, tamb\u00e9m um idoso, de 63 anos. O autor foi detido e conduzido para o Hospital Mariana Penedo, em virtude de encontrar-se com um ferimento grave no bra\u00e7o direito.<\/p>\n<p style=\"text-align: justify;\"><img fetchpriority=\"high\" decoding=\"async\" class=\"size-thumbnail wp-image-4869 aligncenter\" src=\"https:\/\/www.portalalerta.com.br\/wp-content\/uploads\/2018\/02\/Auto-Escola-Nobre-720x181.jpg\" alt=\"\" width=\"720\" height=\"181\" srcset=\"https:\/\/www.portalalerta.com.br\/wp-content\/uploads\/2018\/02\/Auto-Escola-Nobre.jpg 720w, https:\/\/www.portalalerta.com.br\/wp-content\/uploads\/2018\/02\/Auto-Escola-Nobre-260x65.jpg 260w, https:\/\/www.portalalerta.com.br\/wp-content\/uploads\/2018\/02\/Auto-Escola-Nobre-50x13.jpg 50w, https:\/\/www.portalalerta.com.br\/wp-content\/uploads\/2018\/02\/Auto-Escola-Nobre-150x38.jpg 150w\" sizes=\"(max-width: 720px) 100vw, 720px\" \/>Segundo o autor, o ferimento foi causado pela v\u00edtima, com uso de uma faca, depois de terem discutido, o que o motivou, em leg\u00edtima defesa, a disparar um tiro de espingarda cal.32 contra o pr\u00f3prio irm\u00e3o, que morreu no local.<\/p>\n<p style=\"text-align: justify;\">O Departamento de Pol\u00edcia T\u00e9cnica (DPT) de Euclides da Cunha fez a remo\u00e7\u00e3o do corpo. A Pol\u00edcia Civil investigar\u00e1 o caso.<\/p>\n<p style=\"text-align: justify;\"><em>Fonte: A Voz do Campo<\/em><\/p>\n","protected":false},"excerpt":{"rendered":"<p>Por volta das 23:00hs deste s\u00e1bado (16), a Pol\u00edcia Militar em Tucano-BA foi informada sobre uma ocorr\u00eancia de homic\u00eddio no povoado Sitio do Mandacaru, no referido munic\u00edpio.<\/p>\n","protected":false},"author":2,"featured_media":18412,"comment_status":"open","ping_status":"open","sticky":false,"template":"","format":"standard","meta":{"om_disable_all_campaigns":false,"_monsterinsights_skip_tracking":false,"_monsterinsights_sitenote_active":false,"_monsterinsights_sitenote_note":"","_monsterinsights_sitenote_category":0,"footnotes":""},"categories":[70,69,32,22,12],"tags":[128,492,206,190,139],"class_list":["post-24270","post","type-post","status-publish","format-standard","has-post-thumbnail","hentry","category-destaques","category-noticias2","category-regiao","category-seguranca","category-tucano","tag-disparo-de-arma-de-fogo","tag-facada","tag-homicidio","tag-tucano","tag-zona-rural"],"aioseo_notices":[],"_links":{"self":[{"href":"https:\/\/www.portalalerta.com.br\/index.php\/wp-json\/wp\/v2\/posts\/24270","targetHints":{"allow":["GET"]}}],"collection":[{"href":"https:\/\/www.portalalerta.com.br\/index.php\/wp-json\/wp\/v2\/posts"}],"about":[{"href":"https:\/\/www.portalalerta.com.br\/index.php\/wp-json\/wp\/v2\/types\/post"}],"author":[{"embeddable":true,"href":"https:\/\/www.portalalerta.com.br\/index.php\/wp-json\/wp\/v2\/users\/2"}],"replies":[{"embeddable":true,"href":"https:\/\/www.portalalerta.com.br\/index.php\/wp-json\/wp\/v2\/comments?post=24270"}],"version-history":[{"count":1,"href":"https:\/\/www.portalalerta.com.br\/index.php\/wp-json\/wp\/v2\/posts\/24270\/revisions"}],"predecessor-version":[{"id":24271,"href":"https:\/\/www.portalalerta.com.br\/index.php\/wp-json\/wp\/v2\/posts\/24270\/revisions\/24271"}],"wp:featuredmedia":[{"embeddable":true,"href":"https:\/\/www.portalalerta.com.br\/index.php\/wp-json\/wp\/v2\/media\/18412"}],"wp:attachment":[{"href":"https:\/\/www.portalalerta.com.br\/index.php\/wp-json\/wp\/v2\/media?parent=24270"}],"wp:term":[{"taxonomy":"category","embeddable":true,"href":"https:\/\/www.portalalerta.com.br\/index.php\/wp-json\/wp\/v2\/categories?post=24270"},{"taxonomy":"post_tag","embeddable":true,"href":"https:\/\/www.portalalerta.com.br\/index.php\/wp-json\/wp\/v2\/tags?post=24270"}],"curies":[{"name":"wp","href":"https:\/\/api.w.org\/{rel}","templated":true}]}}