{"id":24272,"date":"2020-05-17T19:15:12","date_gmt":"2020-05-17T22:15:12","guid":{"rendered":"https:\/\/www.portalalerta.com.br\/?p=24272"},"modified":"2020-05-17T19:15:12","modified_gmt":"2020-05-17T22:15:12","slug":"segunda-parcela-do-auxilio-emergencial-comecara-a-ser-paga-na-segunda-feira","status":"publish","type":"post","link":"https:\/\/www.portalalerta.com.br\/index.php\/2020\/05\/17\/segunda-parcela-do-auxilio-emergencial-comecara-a-ser-paga-na-segunda-feira\/","title":{"rendered":"Segunda parcela do aux\u00edlio emergencial come\u00e7ar\u00e1 a ser paga na segunda-feira"},"content":{"rendered":"<p style=\"text-align: justify;\">O Minist\u00e9rio da Cidadania divulgou, na \u00faltima sexta-feira (15), o calend\u00e1rio de pagamento e saques da segunda parcela de R$ 600 do aux\u00edlio emergencial, pago em tr\u00eas parcelas, destinado aos trabalhadores informais, microempreendedores individuais (MEI), aut\u00f4nomos e desempregados que perderam renda por causa da pandemia do novo coronav\u00edrus (covid-19).<!--more--><\/p>\n<p style=\"text-align: justify;\">A segunda parcela come\u00e7ar\u00e1 a ser creditada nesta segunda-feira (18), conforme adiantou o presidente da Caixa Econ\u00f4mica federal, Pedro Guimar\u00e3es, durante a live semanal do presidente Jair Bolsonaro, na quinta-feira (14).<\/p>\n<p style=\"text-align: justify;\">Ao todo, cerca de 50 milh\u00f5es de pessoas est\u00e3o inscritas no programa. O benef\u00edcio \u00e9 pago para trabalhadores informais e pessoas de baixa renda, inscritos do cadastro social do governo e no Bolsa Fam\u00edlia.<\/p>\n<p style=\"text-align: justify;\">O calend\u00e1rio publicado na sexta-feira vale para as pessoas que receberam a primeira parcela at\u00e9 o dia de 30 de abril de 2020.<\/p>\n<p style=\"text-align: justify;\">Veja as datas de pagamento da segunda parcela do aux\u00edlio:<\/p>\n<p style=\"text-align: justify;\"><b><img fetchpriority=\"high\" decoding=\"async\" class=\"size-thumbnail wp-image-23589 aligncenter\" src=\"https:\/\/www.portalalerta.com.br\/wp-content\/uploads\/2020\/04\/real-acordo-720x93.jpg\" alt=\"\" width=\"720\" height=\"93\" \/>Recebimento em Poupan\u00e7a Social<\/b><\/p>\n<p style=\"text-align: justify;\">Nestas datas, os recursos estar\u00e3o dispon\u00edveis apenas para o pagamento de contas, de boletos e para realiza\u00e7\u00e3o de compras por meio de cart\u00e3o de d\u00e9bito virtual.<\/p>\n<p style=\"text-align: justify;\">-Nascidos em janeiro ou fevereiro: 20 de maio<\/p>\n<p style=\"text-align: justify;\">-Nascidos em mar\u00e7o ou abril: 21 de maio<\/p>\n<p style=\"text-align: justify;\">-Nascidos em maio ou junho: 22 de maio<\/p>\n<p style=\"text-align: justify;\">-Nascidos em julho ou agosto: 23 de maio<\/p>\n<p style=\"text-align: justify;\">-Nascidos em setembro ou outubro: 25 de maio<\/p>\n<p style=\"text-align: justify;\">-Nascidos em novembro ou dezembro: 26 de maio<\/p>\n<p style=\"text-align: justify;\"><b>Saque em esp\u00e9cie para benefici\u00e1rios do Bolsa Fam\u00edlia<\/b><\/p>\n<p style=\"text-align: justify;\">NIS 1: 18 de maio<\/p>\n<p style=\"text-align: justify;\">NIS 2: 19 de maio<\/p>\n<p style=\"text-align: justify;\">NIS 3: 20 de maio<\/p>\n<p style=\"text-align: justify;\">NIS 4: 21 de maio<\/p>\n<p style=\"text-align: justify;\">NIS 5: 22 de maio<\/p>\n<p style=\"text-align: justify;\">NIS 6: 25 de maio<\/p>\n<p style=\"text-align: justify;\">NIS 7: 26 de maio<\/p>\n<p style=\"text-align: justify;\">NIS 8: 27 de maio<\/p>\n<p style=\"text-align: justify;\">NIS 9: 28 de maio<\/p>\n<p style=\"text-align: justify;\">NIS 0: 29 de maio<\/p>\n<p style=\"text-align: justify;\"><b>Saque em esp\u00e9cie para Poupan\u00e7a Social e demais p\u00fablicos<\/b><\/p>\n<p style=\"text-align: justify;\">Nascidos em janeiro: 30 de maio<\/p>\n<p style=\"text-align: justify;\">Nascidos em fevereiro: 1\u00ba de junho<\/p>\n<p style=\"text-align: justify;\">Nascidos em mar\u00e7o: 2 de junho<\/p>\n<p style=\"text-align: justify;\">Nascidos em abril: 3 de junho<\/p>\n<p style=\"text-align: justify;\">Nascidos em maio: 4 de junho<\/p>\n<p style=\"text-align: justify;\">Nascidos em junho: 5 de junho<\/p>\n<p style=\"text-align: justify;\">Nascidos em julho: 6 de junho<\/p>\n<p style=\"text-align: justify;\">Nascidos em agosto: 8 de junho<\/p>\n<p style=\"text-align: justify;\">Nascidos em setembro: 9 de junho<\/p>\n<p style=\"text-align: justify;\">Nascidos em outubro: 10 de junho<\/p>\n<p style=\"text-align: justify;\">Nascidos em novembro: 12 de junho<\/p>\n<p style=\"text-align: justify;\">Nascidos em dezembro: 13 de junho<\/p>\n<p style=\"text-align: justify;\"><em>FONTE: Ag\u00eancia Brasil<\/em><\/p>\n","protected":false},"excerpt":{"rendered":"<p>O Minist\u00e9rio da Cidadania divulgou, na \u00faltima sexta-feira (15), o calend\u00e1rio de pagamento e saques da segunda parcela de R$ 600 do aux\u00edlio emergencial, pago em tr\u00eas parcelas, destinado aos trabalhadores informais, microempreendedores individuais (MEI), aut\u00f4nomos e desempregados que perderam renda por causa da pandemia do novo coronav\u00edrus (covid-19).<\/p>\n","protected":false},"author":2,"featured_media":3398,"comment_status":"open","ping_status":"open","sticky":false,"template":"","format":"standard","meta":{"om_disable_all_campaigns":false,"_monsterinsights_skip_tracking":false,"_monsterinsights_sitenote_active":false,"_monsterinsights_sitenote_note":"","_monsterinsights_sitenote_category":0,"footnotes":""},"categories":[34,70,69],"tags":[3591,93,1639,249,1525],"class_list":["post-24272","post","type-post","status-publish","format-standard","has-post-thumbnail","hentry","category-brasil","category-destaques","category-noticias2","tag-auxilio-emergencial","tag-brasil","tag-caixa-economica-federal","tag-governo-federal","tag-pagamentos"],"aioseo_notices":[],"_links":{"self":[{"href":"https:\/\/www.portalalerta.com.br\/index.php\/wp-json\/wp\/v2\/posts\/24272","targetHints":{"allow":["GET"]}}],"collection":[{"href":"https:\/\/www.portalalerta.com.br\/index.php\/wp-json\/wp\/v2\/posts"}],"about":[{"href":"https:\/\/www.portalalerta.com.br\/index.php\/wp-json\/wp\/v2\/types\/post"}],"author":[{"embeddable":true,"href":"https:\/\/www.portalalerta.com.br\/index.php\/wp-json\/wp\/v2\/users\/2"}],"replies":[{"embeddable":true,"href":"https:\/\/www.portalalerta.com.br\/index.php\/wp-json\/wp\/v2\/comments?post=24272"}],"version-history":[{"count":1,"href":"https:\/\/www.portalalerta.com.br\/index.php\/wp-json\/wp\/v2\/posts\/24272\/revisions"}],"predecessor-version":[{"id":24273,"href":"https:\/\/www.portalalerta.com.br\/index.php\/wp-json\/wp\/v2\/posts\/24272\/revisions\/24273"}],"wp:featuredmedia":[{"embeddable":true,"href":"https:\/\/www.portalalerta.com.br\/index.php\/wp-json\/wp\/v2\/media\/3398"}],"wp:attachment":[{"href":"https:\/\/www.portalalerta.com.br\/index.php\/wp-json\/wp\/v2\/media?parent=24272"}],"wp:term":[{"taxonomy":"category","embeddable":true,"href":"https:\/\/www.portalalerta.com.br\/index.php\/wp-json\/wp\/v2\/categories?post=24272"},{"taxonomy":"post_tag","embeddable":true,"href":"https:\/\/www.portalalerta.com.br\/index.php\/wp-json\/wp\/v2\/tags?post=24272"}],"curies":[{"name":"wp","href":"https:\/\/api.w.org\/{rel}","templated":true}]}}