{"id":24277,"date":"2020-05-18T11:21:28","date_gmt":"2020-05-18T14:21:28","guid":{"rendered":"https:\/\/www.portalalerta.com.br\/?p=24277"},"modified":"2020-05-18T11:21:28","modified_gmt":"2020-05-18T14:21:28","slug":"pgr-vai-analisar-vazamento-da-pf-a-flavio-testemunhas-corroboram-versao-de-marinho","status":"publish","type":"post","link":"https:\/\/www.portalalerta.com.br\/index.php\/2020\/05\/18\/pgr-vai-analisar-vazamento-da-pf-a-flavio-testemunhas-corroboram-versao-de-marinho\/","title":{"rendered":"PGR vai analisar vazamento da PF a Fl\u00e1vio; testemunhas corroboram vers\u00e3o de Marinho"},"content":{"rendered":"<p style=\"text-align: justify;\">A PGR (Procuradoria-Geral da Rep\u00fablica) informou neste domingo (17) que vai analisar o relato do empres\u00e1rio Paulo Marinho \u00e0 Folha de S.Paulo sobre um\u00a0suposto vazamento de uma investiga\u00e7\u00e3o da Pol\u00edcia Federal ao senador Fl\u00e1vio Bolsonaro\u00a0(Republicanos-RJ), filho do presidente\u00a0Jair Bolsonaro\u00a0(sem partido).<!--more--><\/p>\n<p style=\"text-align: justify;\">O procurador-geral, Augusto Aras, discutir\u00e1 a den\u00fancia com a equipe de procuradores que atua em seu gabinete em mat\u00e9ria penal. Deve decidir se cabe investigar o caso no \u00e2mbito do inqu\u00e9rito que apura, com base em den\u00fancias do ex-ministro Sergio Moro (Justi\u00e7a), se o presidente Jair Bolsonaro (sem partido) tentou interferir indevidamente na Pol\u00edcia Federal.<\/p>\n<p style=\"text-align: justify;\">Ele poder\u00e1 requerer o depoimento de Marinho, por exemplo, o que n\u00e3o est\u00e1 definido por ora. Segundo auxiliares de Aras, ainda n\u00e3o houve tempo para uma an\u00e1lise aprofundada do caso. Ser\u00e1 necess\u00e1rio analisar se o assunto guarda pertin\u00eancia com a investiga\u00e7\u00e3o j\u00e1 em curso.<\/p>\n<p style=\"text-align: justify;\">Na entrevista \u00e0 Folha, Marinho, 68, que rompeu com o cl\u00e3 Bolsonaro ap\u00f3s as elei\u00e7\u00f5es, disse que, segundo ouviu do pr\u00f3prio filho do presidente, um delegado da Pol\u00edcia Federal antecipou a Fl\u00e1vio em outubro de 2018 que a Opera\u00e7\u00e3o Furna da On\u00e7a seria realizada.<\/p>\n<p style=\"text-align: justify;\">A opera\u00e7\u00e3o, segundo Marinho, teria sido &#8220;segurada&#8221; para que n\u00e3o atrapalhasse Bolsonaro na disputa do segundo turno da elei\u00e7\u00e3o. Os desdobramentos da Furna da On\u00e7a revelaram um suposto esquema de &#8220;rachadinha&#8221; na Alerj (Assembl\u00e9ia Legislativa do Rio) e atingiu Fabr\u00edcio Queiroz, policial militar aposentado amigo de Jair Bolsonaro e ex-assessor de Flavio na Assembleia.<\/p>\n<p style=\"text-align: justify;\"><img fetchpriority=\"high\" decoding=\"async\" class=\"size-thumbnail wp-image-4869 aligncenter\" src=\"https:\/\/www.portalalerta.com.br\/wp-content\/uploads\/2018\/02\/Auto-Escola-Nobre-720x181.jpg\" alt=\"\" width=\"720\" height=\"181\" srcset=\"https:\/\/www.portalalerta.com.br\/wp-content\/uploads\/2018\/02\/Auto-Escola-Nobre.jpg 720w, https:\/\/www.portalalerta.com.br\/wp-content\/uploads\/2018\/02\/Auto-Escola-Nobre-260x65.jpg 260w, https:\/\/www.portalalerta.com.br\/wp-content\/uploads\/2018\/02\/Auto-Escola-Nobre-50x13.jpg 50w, https:\/\/www.portalalerta.com.br\/wp-content\/uploads\/2018\/02\/Auto-Escola-Nobre-150x38.jpg 150w\" sizes=\"(max-width: 720px) 100vw, 720px\" \/>O empres\u00e1rio foi um dos mais importantes e pr\u00f3ximos apoiadores de Jair Bolsonaro na campanha presidencial de 2018. Ele n\u00e3o apenas cedeu sua casa no Rio de Janeiro para a estrutura de campanha do ent\u00e3o deputado federal, que ainda hoje chama de &#8220;capit\u00e3o&#8221;, como foi candidato a suplente na chapa do filho dele, Fl\u00e1vio Bolsonaro, que concorria ao Senado.<\/p>\n<p style=\"text-align: justify;\"><strong>Ind\u00edcios refor\u00e7am vers\u00e3o de Marinho<\/strong><\/p>\n<p style=\"text-align: justify;\">Testemunhas e informa\u00e7\u00f5es p\u00fablicas corroboram a vers\u00e3o de Marinho sobre o caso. O advogado Ralph Hage Vianna, indicado para a defesa de Fabr\u00edcio Queiroz, admitiu ao jornal O Globo ter sido procurado pelo ex-chefe da seguran\u00e7a do senador Fl\u00e1vio Bolsonaro para atuar junto ao caso.<\/p>\n<p style=\"text-align: justify;\">&#8220;Esclare\u00e7o apenas que fui procurado para representar o Sr. Fabr\u00edcio Queiroz, ap\u00f3s sua intima\u00e7\u00e3o pelo Minist\u00e9rio P\u00fablico Estadual, mas n\u00e3o segui na causa, n\u00e3o podendo passar maiores detalhes&#8221;, afirmou Vianna ao GLOBO. &#8220;Contudo, por dever legal de sigilo profissional, n\u00e3o posso falar sobre o caso.&#8221;<\/p>\n<p style=\"text-align: justify;\">O site UOL relembrou ainda uma entrevista com Gustavo Bebianno, ex-ministro da Secretaria-Geral da Presid\u00eancia de Bolsonaro que deixou o governo em fevereiro de 2019 ap\u00f3s entrar em conflito com os filhos do presidente &#8211; e que faleceu em mar\u00e7o de 2020, v\u00edtima de um infarto fulminante -, de dezembro de 2019 que refor\u00e7a o relato de Marinho.<\/p>\n<p style=\"text-align: justify;\">&#8220;Fl\u00e1vio era investigado j\u00e1 durante a campanha. A investiga\u00e7\u00e3o foi brecada para n\u00e3o atrapalhar a campanha&#8221;, contou Bebianno ao colunista Chico Alves, do UOL, sem apresentar provas.<\/p>\n<p style=\"text-align: justify;\">Al\u00e9m disso, um relat\u00f3rio produzido pelo Coaf (Conselho de Controle de Atividades Financeiras) sobre casos de movimenta\u00e7\u00e3o financeira fora do padr\u00e3o de servidores da Assembleia do Rio de Janeiro (Alerj) refor\u00e7a a vers\u00e3o de Marinho de que a Pol\u00edcia Federal sabia de irregularidades envolvendo Queiroz.<\/p>\n<p style=\"text-align: justify;\">O documento do Coaf foi elaborado em janeiro de 2028 e enviado ao Minist\u00e9rio P\u00fablico Federal e \u00e0 Pol\u00edcia Federal. Ele faz parte da documenta\u00e7\u00e3o que deu origem \u00e0 chamada opera\u00e7\u00e3o da PF &#8220;Furna da On\u00e7a&#8221;. O documento de mais de 400 p\u00e1ginas relacionava casos de servidores e ex-servidores da Alerj com movimenta\u00e7\u00e3o financeira incompat\u00edvel com a renda entre 2016 e 2017.<\/p>\n<p style=\"text-align: justify;\"><strong>Respostas<\/strong><\/p>\n<p style=\"text-align: justify;\">Fl\u00e1vio classificou a entrevista \u00e0 Folha de seu suplente de &#8220;inven\u00e7\u00e3o de algu\u00e9m desesperado e sem votos&#8221;. Em nota neste domingo, ele disse que Marinho &#8220;preferiu virar as costas a quem lhe estendeu a m\u00e3o&#8221; e trocou a fam\u00edlia Bolsonaro pelos governadores Jo\u00e3o Doria (PSDB), de S\u00e3o Paulo, e Wilson Witzel (PSC), do Rio de Janeiro. O ex-aliado de Bolsonaro \u00e9 pr\u00e9-candidato \u00e0 prefeitura do Rio pelo PSDB.<\/p>\n<p style=\"text-align: justify;\">J\u00e1 o chefe da Secom (Secretaria de Comunica\u00e7\u00e3o da Presid\u00eancia), Fabio Wajngarten, chamou de &#8220;incr\u00edvel enredo ficcional&#8221; as declara\u00e7\u00f5es \u00e0 Folha do empres\u00e1rio suplente de Fl\u00e1vio.<\/p>\n<p style=\"text-align: justify;\">Em rede social, ele afirmou ser &#8220;inveross\u00edmil a narrativa de oportunistas que buscam holofotes a qualquer pre\u00e7o&#8221;. &#8220;Precisam contratar um bom roteirista para dar credibilidade a esse incr\u00edvel enredo ficcional. Meu apoio ao senador @FlavioBolsonaro e ao PR @jairbolsonaro por mais essa tentativa de atingi-los.&#8221;<\/p>\n<p style=\"text-align: justify;\">Tamb\u00e9m neste domingo, o vereador do Rio Carlos Bolsonaro usou uma rede social para desqualificar as declara\u00e7\u00f5es do empres\u00e1rio. &#8220;Paulo Marinho, coordenador de campanha de Bolsonaro&#8230; . QG em sua resid\u00eancia&#8230;. &#8230;. Bolsonaro tratava mal os empregados&#8230; . Tudo \u00e9 t\u00e3o verdadeiro quanto a declara\u00e7\u00e3o de seu filho dizendo que foi ele que traduziu a conversa de Trump com o Bolsonaro.&#8221;<\/p>\n<p style=\"text-align: justify;\"><em>Fonte: Yahoo Not\u00edcias<\/em><\/p>\n","protected":false},"excerpt":{"rendered":"<p>A PGR (Procuradoria-Geral da Rep\u00fablica) informou neste domingo (17) que vai analisar o relato do empres\u00e1rio Paulo Marinho \u00e0 Folha de S.Paulo sobre um\u00a0suposto vazamento de uma investiga\u00e7\u00e3o da Pol\u00edcia Federal ao senador Fl\u00e1vio Bolsonaro\u00a0(Republicanos-RJ), filho do presidente\u00a0Jair Bolsonaro\u00a0(sem partido).<\/p>\n","protected":false},"author":2,"featured_media":20543,"comment_status":"open","ping_status":"open","sticky":false,"template":"","format":"standard","meta":{"om_disable_all_campaigns":false,"_monsterinsights_skip_tracking":false,"_monsterinsights_sitenote_active":false,"_monsterinsights_sitenote_note":"","_monsterinsights_sitenote_category":0,"footnotes":""},"categories":[34,70,69,21],"tags":[93,1976,298,411,173,199,2837],"class_list":["post-24277","post","type-post","status-publish","format-standard","has-post-thumbnail","hentry","category-brasil","category-destaques","category-noticias2","category-politica","tag-brasil","tag-flavio-bolsonaro","tag-investigacao","tag-pgr","tag-policia-federal","tag-politica","tag-vazamento"],"aioseo_notices":[],"_links":{"self":[{"href":"https:\/\/www.portalalerta.com.br\/index.php\/wp-json\/wp\/v2\/posts\/24277","targetHints":{"allow":["GET"]}}],"collection":[{"href":"https:\/\/www.portalalerta.com.br\/index.php\/wp-json\/wp\/v2\/posts"}],"about":[{"href":"https:\/\/www.portalalerta.com.br\/index.php\/wp-json\/wp\/v2\/types\/post"}],"author":[{"embeddable":true,"href":"https:\/\/www.portalalerta.com.br\/index.php\/wp-json\/wp\/v2\/users\/2"}],"replies":[{"embeddable":true,"href":"https:\/\/www.portalalerta.com.br\/index.php\/wp-json\/wp\/v2\/comments?post=24277"}],"version-history":[{"count":1,"href":"https:\/\/www.portalalerta.com.br\/index.php\/wp-json\/wp\/v2\/posts\/24277\/revisions"}],"predecessor-version":[{"id":24278,"href":"https:\/\/www.portalalerta.com.br\/index.php\/wp-json\/wp\/v2\/posts\/24277\/revisions\/24278"}],"wp:featuredmedia":[{"embeddable":true,"href":"https:\/\/www.portalalerta.com.br\/index.php\/wp-json\/wp\/v2\/media\/20543"}],"wp:attachment":[{"href":"https:\/\/www.portalalerta.com.br\/index.php\/wp-json\/wp\/v2\/media?parent=24277"}],"wp:term":[{"taxonomy":"category","embeddable":true,"href":"https:\/\/www.portalalerta.com.br\/index.php\/wp-json\/wp\/v2\/categories?post=24277"},{"taxonomy":"post_tag","embeddable":true,"href":"https:\/\/www.portalalerta.com.br\/index.php\/wp-json\/wp\/v2\/tags?post=24277"}],"curies":[{"name":"wp","href":"https:\/\/api.w.org\/{rel}","templated":true}]}}